{"id":3100,"date":"2023-12-20T13:34:14","date_gmt":"2023-12-20T13:34:14","guid":{"rendered":"https:\/\/telediarioqueretaro.co\/?p=3100"},"modified":"2023-12-20T13:34:15","modified_gmt":"2023-12-20T13:34:15","slug":"queretaro-con-registro-de-dos-pacientes-con-sintomatologia-leve-de-covid-19","status":"publish","type":"post","link":"https:\/\/telediarioqueretaro.co\/?p=3100","title":{"rendered":"Quer\u00e9taro Con Registro De Dos Pacientes Con Sintomatolog\u00eda Leve De COVID-19"},"content":{"rendered":"\n<figure class=\"wp-block-image size-full\"><img loading=\"lazy\" decoding=\"async\" width=\"585\" height=\"418\" src=\"https:\/\/telediarioqueretaro.co\/wp-content\/uploads\/2023\/12\/image-19.png\" alt=\"\" class=\"wp-image-3101\" srcset=\"https:\/\/telediarioqueretaro.co\/wp-content\/uploads\/2023\/12\/image-19.png 585w, https:\/\/telediarioqueretaro.co\/wp-content\/uploads\/2023\/12\/image-19-300x214.png 300w\" sizes=\"auto, (max-width: 585px) 100vw, 585px\" \/><\/figure>\n\n\n\n<p>La Secretar\u00eda de Salud de Quer\u00e9taro report\u00f3 este lunes cero defunciones por COVID-19 y report\u00f3 que en los \u00faltimos siete d\u00edas se han sumado 17 casos de la enfermedad en el estado; se trata de nueve mujeres y ocho hombres.<\/p>\n\n\n\n<p>El registro acumulado es de 195 mil 800 casos; 54% son mujeres y 46% son hombres.<\/p>\n\n\n\n<p>Se dio de alta sanitaria a 15 pacientes, con lo que se tiene un registro de 188 mil 766 altas (96.40%). Con sintomatolog\u00eda leve, aislamiento y manejo en su domicilio hay dos pacientes y ninguno se encuentra hospitalizado. Se han registrado siete mil 32 defunciones.<\/p>\n\n\n\n<p>Del mismo modo, se exhorta a la poblaci\u00f3n a no automedicarse y, para prevenir la transmisi\u00f3n, lavarse las manos de manera frecuente con agua y jab\u00f3n o utilizar soluciones alcoholadas a 70%.<\/p>\n\n\n\n<p>Toda persona con sintomatolog\u00eda respiratoria aguda deber\u00e1 mantenerse aislada o en su defecto, usar cubreboca, y comunicarse al&nbsp;call center&nbsp;estatal 4421015205, para recibir orientaci\u00f3n m\u00e9dica. Para m\u00e1s informaci\u00f3n sobre COVID-19 consulta los micrositios:&nbsp;coronavirus.gob.mx&nbsp;y&nbsp;https:\/\/www.queretaro.gob.mx\/covid2<\/p>\n","protected":false},"excerpt":{"rendered":"<p>La Secretar\u00eda de Salud de Quer\u00e9taro report\u00f3 este lunes cero defunciones por COVID-19 y report\u00f3 que en los \u00faltimos siete d\u00edas se han sumado 17 casos de la enfermedad en el estado; se trata de nueve mujeres y ocho hombres. El registro acumulado es de 195 mil 800 casos; 54% [&hellip;]<\/p>\n","protected":false},"author":2,"featured_media":3101,"comment_status":"open","ping_status":"open","sticky":false,"template":"","format":"standard","meta":{"footnotes":""},"categories":[1],"tags":[],"class_list":["post-3100","post","type-post","status-publish","format-standard","has-post-thumbnail","hentry","category-sin-categoria"],"_links":{"self":[{"href":"https:\/\/telediarioqueretaro.co\/index.php?rest_route=\/wp\/v2\/posts\/3100","targetHints":{"allow":["GET"]}}],"collection":[{"href":"https:\/\/telediarioqueretaro.co\/index.php?rest_route=\/wp\/v2\/posts"}],"about":[{"href":"https:\/\/telediarioqueretaro.co\/index.php?rest_route=\/wp\/v2\/types\/post"}],"author":[{"embeddable":true,"href":"https:\/\/telediarioqueretaro.co\/index.php?rest_route=\/wp\/v2\/users\/2"}],"replies":[{"embeddable":true,"href":"https:\/\/telediarioqueretaro.co\/index.php?rest_route=%2Fwp%2Fv2%2Fcomments&post=3100"}],"version-history":[{"count":1,"href":"https:\/\/telediarioqueretaro.co\/index.php?rest_route=\/wp\/v2\/posts\/3100\/revisions"}],"predecessor-version":[{"id":3102,"href":"https:\/\/telediarioqueretaro.co\/index.php?rest_route=\/wp\/v2\/posts\/3100\/revisions\/3102"}],"wp:featuredmedia":[{"embeddable":true,"href":"https:\/\/telediarioqueretaro.co\/index.php?rest_route=\/wp\/v2\/media\/3101"}],"wp:attachment":[{"href":"https:\/\/telediarioqueretaro.co\/index.php?rest_route=%2Fwp%2Fv2%2Fmedia&parent=3100"}],"wp:term":[{"taxonomy":"category","embeddable":true,"href":"https:\/\/telediarioqueretaro.co\/index.php?rest_route=%2Fwp%2Fv2%2Fcategories&post=3100"},{"taxonomy":"post_tag","embeddable":true,"href":"https:\/\/telediarioqueretaro.co\/index.php?rest_route=%2Fwp%2Fv2%2Ftags&post=3100"}],"curies":[{"name":"wp","href":"https:\/\/api.w.org\/{rel}","templated":true}]}}