{"id":3129,"date":"2024-01-02T13:07:17","date_gmt":"2024-01-02T13:07:17","guid":{"rendered":"https:\/\/telediarioqueretaro.co\/?p=3129"},"modified":"2024-01-03T13:08:02","modified_gmt":"2024-01-03T13:08:02","slug":"una-mujer-sin-vida-y-tres-lesionados-por-ataque-de-adicto-con-arma-blanca-en-el-jardin-zenea","status":"publish","type":"post","link":"https:\/\/telediarioqueretaro.co\/?p=3129","title":{"rendered":"Una Mujer Sin Vida Y Tres Lesionados Por Ataque De Adicto Con Arma Blanca En El Jard\u00edn Zenea"},"content":{"rendered":"\n<figure class=\"wp-block-image size-full\"><img loading=\"lazy\" decoding=\"async\" width=\"585\" height=\"443\" src=\"https:\/\/telediarioqueretaro.co\/wp-content\/uploads\/2024\/01\/image-1.png\" alt=\"\" class=\"wp-image-3130\" srcset=\"https:\/\/telediarioqueretaro.co\/wp-content\/uploads\/2024\/01\/image-1.png 585w, https:\/\/telediarioqueretaro.co\/wp-content\/uploads\/2024\/01\/image-1-300x227.png 300w\" sizes=\"auto, (max-width: 585px) 100vw, 585px\" \/><\/figure>\n\n\n\n<p>El pasado 1 de enero por la noche, un hombre armado con una navaja atac\u00f3 al menos a cuatro personas, en inmediaciones del Jard\u00edn Zenea en el Centro Hist\u00f3rico de Quer\u00e9taro.<\/p>\n\n\n\n<p>Una de las v\u00edctimas perdi\u00f3 la vida en lugar, a pesar de los esfuerzos de los param\u00e9dicos que realizaron maniobras de RCP, debido a que sufri\u00f3 una grave herida en el cuello.<\/p>\n\n\n\n<p>Adem\u00e1s, una alumna de la Secretar\u00eda de Seguridad P\u00fablica del municipio de Quer\u00e9taro, quien intervino en el incidente, tambi\u00e9n result\u00f3 herida por el agresor y fue trasladada a un hospital.<\/p>\n\n\n\n<p>El agresor, quien es originario del Estado de M\u00e9xico y se dedica a lavar autos y trabajar como franelero, fue sometido por comerciantes de la zona, mientras arribaron elementos de la polic\u00eda municipal de Quer\u00e9taro.<\/p>\n\n\n\n<p>Se dio intervenci\u00f3n a la Fiscal\u00eda General del Estado, as\u00ed como a la polic\u00eda de investigaci\u00f3n y peritos, quienes llevaron a cabo las diligencias correspondientes en presencia de los transe\u00fantes, comerciantes y residentes del centro de Quer\u00e9taro.<\/p>\n","protected":false},"excerpt":{"rendered":"<p>El pasado 1 de enero por la noche, un hombre armado con una navaja atac\u00f3 al menos a cuatro personas, en inmediaciones del Jard\u00edn Zenea en el Centro Hist\u00f3rico de Quer\u00e9taro. Una de las v\u00edctimas perdi\u00f3 la vida en lugar, a pesar de los esfuerzos de los param\u00e9dicos que realizaron [&hellip;]<\/p>\n","protected":false},"author":2,"featured_media":3130,"comment_status":"open","ping_status":"open","sticky":false,"template":"","format":"standard","meta":{"footnotes":""},"categories":[1],"tags":[],"class_list":["post-3129","post","type-post","status-publish","format-standard","has-post-thumbnail","hentry","category-sin-categoria"],"_links":{"self":[{"href":"https:\/\/telediarioqueretaro.co\/index.php?rest_route=\/wp\/v2\/posts\/3129","targetHints":{"allow":["GET"]}}],"collection":[{"href":"https:\/\/telediarioqueretaro.co\/index.php?rest_route=\/wp\/v2\/posts"}],"about":[{"href":"https:\/\/telediarioqueretaro.co\/index.php?rest_route=\/wp\/v2\/types\/post"}],"author":[{"embeddable":true,"href":"https:\/\/telediarioqueretaro.co\/index.php?rest_route=\/wp\/v2\/users\/2"}],"replies":[{"embeddable":true,"href":"https:\/\/telediarioqueretaro.co\/index.php?rest_route=%2Fwp%2Fv2%2Fcomments&post=3129"}],"version-history":[{"count":1,"href":"https:\/\/telediarioqueretaro.co\/index.php?rest_route=\/wp\/v2\/posts\/3129\/revisions"}],"predecessor-version":[{"id":3131,"href":"https:\/\/telediarioqueretaro.co\/index.php?rest_route=\/wp\/v2\/posts\/3129\/revisions\/3131"}],"wp:featuredmedia":[{"embeddable":true,"href":"https:\/\/telediarioqueretaro.co\/index.php?rest_route=\/wp\/v2\/media\/3130"}],"wp:attachment":[{"href":"https:\/\/telediarioqueretaro.co\/index.php?rest_route=%2Fwp%2Fv2%2Fmedia&parent=3129"}],"wp:term":[{"taxonomy":"category","embeddable":true,"href":"https:\/\/telediarioqueretaro.co\/index.php?rest_route=%2Fwp%2Fv2%2Fcategories&post=3129"},{"taxonomy":"post_tag","embeddable":true,"href":"https:\/\/telediarioqueretaro.co\/index.php?rest_route=%2Fwp%2Fv2%2Ftags&post=3129"}],"curies":[{"name":"wp","href":"https:\/\/api.w.org\/{rel}","templated":true}]}}