{"id":3147,"date":"2023-12-27T13:12:17","date_gmt":"2023-12-27T13:12:17","guid":{"rendered":"https:\/\/telediarioqueretaro.co\/?p=3147"},"modified":"2024-01-03T13:12:58","modified_gmt":"2024-01-03T13:12:58","slug":"iqm-y-comex-forman-alianza-a-favor-de-mujeres-queretanas","status":"publish","type":"post","link":"https:\/\/telediarioqueretaro.co\/?p=3147","title":{"rendered":"IQM Y COMEX Forman Alianza A Favor De Mujeres Queretanas"},"content":{"rendered":"\n<figure class=\"wp-block-image size-large\"><img loading=\"lazy\" decoding=\"async\" width=\"1024\" height=\"543\" src=\"https:\/\/telediarioqueretaro.co\/wp-content\/uploads\/2024\/01\/image-7-1024x543.png\" alt=\"\" class=\"wp-image-3148\" srcset=\"https:\/\/telediarioqueretaro.co\/wp-content\/uploads\/2024\/01\/image-7-1024x543.png 1024w, https:\/\/telediarioqueretaro.co\/wp-content\/uploads\/2024\/01\/image-7-300x159.png 300w, https:\/\/telediarioqueretaro.co\/wp-content\/uploads\/2024\/01\/image-7-768x407.png 768w, https:\/\/telediarioqueretaro.co\/wp-content\/uploads\/2024\/01\/image-7.png 1210w\" sizes=\"auto, (max-width: 1024px) 100vw, 1024px\" \/><\/figure>\n\n\n\n<p>A trav\u00e9s de una alianza entre el Instituto Queretano de las Mujeres (IQM) con la empresa COMEX, se logr\u00f3 el pintado de 360 metros cuadrados de bardas ubicadas en tres municipios, donde se plasmaron mensajes alusivos a la prevenci\u00f3n de la violencia contra las mujeres.<\/p>\n\n\n\n<p>Se trata del programa \u201cCOMEX por un M\u00e9xico Bien Hecho\u201d, el cual tiene como finalidad de que mujeres, que integran adem\u00e1s el programa MUCPAZ en los municipios Amealco, Ezequiel Montes y Col\u00f3n, restauren espacios f\u00edsicos en donde se desarrollan ellas y sus hijas e hijos.<\/p>\n\n\n\n<p>Al respecto la directora general del Instituto Queretano de las Mujeres, Marisol Kuri Lorenzo, agradeci\u00f3 la donaci\u00f3n de m\u00e1s de 160 litros de pintura y afirm\u00f3 que estos refuerzan la sororidad entre quienes conforman el programa.<\/p>\n\n\n\n<p>\u00abA nosotros nos llena de gusto que cada vez se integren m\u00e1s mujeres a las redes MUCPAZ y que realicen estas acciones porque esto significa que hay hermandad, que hay ganas de que tanto ellas como sus familias se desarrollen en un entorno saludable y que adem\u00e1s impacte en su calidad de vida\u00bb, acot\u00f3.<\/p>\n","protected":false},"excerpt":{"rendered":"<p>A trav\u00e9s de una alianza entre el Instituto Queretano de las Mujeres (IQM) con la empresa COMEX, se logr\u00f3 el pintado de 360 metros cuadrados de bardas ubicadas en tres municipios, donde se plasmaron mensajes alusivos a la prevenci\u00f3n de la violencia contra las mujeres. Se trata del programa \u201cCOMEX [&hellip;]<\/p>\n","protected":false},"author":2,"featured_media":3148,"comment_status":"open","ping_status":"open","sticky":false,"template":"","format":"standard","meta":{"footnotes":""},"categories":[1],"tags":[],"class_list":["post-3147","post","type-post","status-publish","format-standard","has-post-thumbnail","hentry","category-sin-categoria"],"_links":{"self":[{"href":"https:\/\/telediarioqueretaro.co\/index.php?rest_route=\/wp\/v2\/posts\/3147","targetHints":{"allow":["GET"]}}],"collection":[{"href":"https:\/\/telediarioqueretaro.co\/index.php?rest_route=\/wp\/v2\/posts"}],"about":[{"href":"https:\/\/telediarioqueretaro.co\/index.php?rest_route=\/wp\/v2\/types\/post"}],"author":[{"embeddable":true,"href":"https:\/\/telediarioqueretaro.co\/index.php?rest_route=\/wp\/v2\/users\/2"}],"replies":[{"embeddable":true,"href":"https:\/\/telediarioqueretaro.co\/index.php?rest_route=%2Fwp%2Fv2%2Fcomments&post=3147"}],"version-history":[{"count":1,"href":"https:\/\/telediarioqueretaro.co\/index.php?rest_route=\/wp\/v2\/posts\/3147\/revisions"}],"predecessor-version":[{"id":3149,"href":"https:\/\/telediarioqueretaro.co\/index.php?rest_route=\/wp\/v2\/posts\/3147\/revisions\/3149"}],"wp:featuredmedia":[{"embeddable":true,"href":"https:\/\/telediarioqueretaro.co\/index.php?rest_route=\/wp\/v2\/media\/3148"}],"wp:attachment":[{"href":"https:\/\/telediarioqueretaro.co\/index.php?rest_route=%2Fwp%2Fv2%2Fmedia&parent=3147"}],"wp:term":[{"taxonomy":"category","embeddable":true,"href":"https:\/\/telediarioqueretaro.co\/index.php?rest_route=%2Fwp%2Fv2%2Fcategories&post=3147"},{"taxonomy":"post_tag","embeddable":true,"href":"https:\/\/telediarioqueretaro.co\/index.php?rest_route=%2Fwp%2Fv2%2Ftags&post=3147"}],"curies":[{"name":"wp","href":"https:\/\/api.w.org\/{rel}","templated":true}]}}