{"id":3162,"date":"2024-01-08T13:47:47","date_gmt":"2024-01-08T13:47:47","guid":{"rendered":"https:\/\/telediarioqueretaro.co\/?p=3162"},"modified":"2024-01-08T13:47:48","modified_gmt":"2024-01-08T13:47:48","slug":"fortalece-sesa-habilidades-y-destrezas-de-las-y-los-promotores-de-salud-de-la-jurisdiccion-sanitaria-no-1","status":"publish","type":"post","link":"https:\/\/telediarioqueretaro.co\/?p=3162","title":{"rendered":"Fortalece SESA Habilidades Y Destrezas De Las Y Los Promotores De Salud De La Jurisdicci\u00f3n Sanitaria No. 1"},"content":{"rendered":"\n<figure class=\"wp-block-image size-large\"><img loading=\"lazy\" decoding=\"async\" width=\"1024\" height=\"589\" src=\"https:\/\/telediarioqueretaro.co\/wp-content\/uploads\/2024\/01\/image-12-1024x589.png\" alt=\"\" class=\"wp-image-3163\" srcset=\"https:\/\/telediarioqueretaro.co\/wp-content\/uploads\/2024\/01\/image-12-1024x589.png 1024w, https:\/\/telediarioqueretaro.co\/wp-content\/uploads\/2024\/01\/image-12-300x173.png 300w, https:\/\/telediarioqueretaro.co\/wp-content\/uploads\/2024\/01\/image-12-768x442.png 768w, https:\/\/telediarioqueretaro.co\/wp-content\/uploads\/2024\/01\/image-12.png 1116w\" sizes=\"auto, (max-width: 1024px) 100vw, 1024px\" \/><\/figure>\n\n\n\n<p>Las y los profesionales de la Jurisdicci\u00f3n Sanitaria No. 1 de la Secretar\u00eda de Salud (SESA) del estado de Quer\u00e9taro llevaron a cabo curso- taller de capacitaci\u00f3n para los trabajadores del \u00e1rea de Promoci\u00f3n con la finalidad de fortalecer los h\u00e1bitos saludables, la prevenci\u00f3n de enfermedades en diferentes \u00e1mbitos como en las escuelas, lugares de trabajo, comunidades, en el hogar entre otros.<\/p>\n\n\n\n<p>En las sesiones educativas se fortalecieron las habilidades y destrezas de las y los Promotores de la Salud para trabajar con la poblaci\u00f3n de los municipios de Corregidora, El Marqu\u00e9s, Huimilpan y Quer\u00e9taro con enfoque de los derechos humanos, g\u00e9nero y calidad de la atenci\u00f3n. El evento acad\u00e9mico estuvo bajo la supervisi\u00f3n de la coordinadora de Promoci\u00f3n de la Salud de la Jurisdicci\u00f3n Sanitaria No. 1, Dolores Moreno Vargas.<\/p>\n","protected":false},"excerpt":{"rendered":"<p>Las y los profesionales de la Jurisdicci\u00f3n Sanitaria No. 1 de la Secretar\u00eda de Salud (SESA) del estado de Quer\u00e9taro llevaron a cabo curso- taller de capacitaci\u00f3n para los trabajadores del \u00e1rea de Promoci\u00f3n con la finalidad de fortalecer los h\u00e1bitos saludables, la prevenci\u00f3n de enfermedades en diferentes \u00e1mbitos como [&hellip;]<\/p>\n","protected":false},"author":2,"featured_media":3163,"comment_status":"open","ping_status":"open","sticky":false,"template":"","format":"standard","meta":{"footnotes":""},"categories":[1],"tags":[],"class_list":["post-3162","post","type-post","status-publish","format-standard","has-post-thumbnail","hentry","category-sin-categoria"],"_links":{"self":[{"href":"https:\/\/telediarioqueretaro.co\/index.php?rest_route=\/wp\/v2\/posts\/3162","targetHints":{"allow":["GET"]}}],"collection":[{"href":"https:\/\/telediarioqueretaro.co\/index.php?rest_route=\/wp\/v2\/posts"}],"about":[{"href":"https:\/\/telediarioqueretaro.co\/index.php?rest_route=\/wp\/v2\/types\/post"}],"author":[{"embeddable":true,"href":"https:\/\/telediarioqueretaro.co\/index.php?rest_route=\/wp\/v2\/users\/2"}],"replies":[{"embeddable":true,"href":"https:\/\/telediarioqueretaro.co\/index.php?rest_route=%2Fwp%2Fv2%2Fcomments&post=3162"}],"version-history":[{"count":1,"href":"https:\/\/telediarioqueretaro.co\/index.php?rest_route=\/wp\/v2\/posts\/3162\/revisions"}],"predecessor-version":[{"id":3164,"href":"https:\/\/telediarioqueretaro.co\/index.php?rest_route=\/wp\/v2\/posts\/3162\/revisions\/3164"}],"wp:featuredmedia":[{"embeddable":true,"href":"https:\/\/telediarioqueretaro.co\/index.php?rest_route=\/wp\/v2\/media\/3163"}],"wp:attachment":[{"href":"https:\/\/telediarioqueretaro.co\/index.php?rest_route=%2Fwp%2Fv2%2Fmedia&parent=3162"}],"wp:term":[{"taxonomy":"category","embeddable":true,"href":"https:\/\/telediarioqueretaro.co\/index.php?rest_route=%2Fwp%2Fv2%2Fcategories&post=3162"},{"taxonomy":"post_tag","embeddable":true,"href":"https:\/\/telediarioqueretaro.co\/index.php?rest_route=%2Fwp%2Fv2%2Ftags&post=3162"}],"curies":[{"name":"wp","href":"https:\/\/api.w.org\/{rel}","templated":true}]}}