{"id":3181,"date":"2024-01-10T13:36:26","date_gmt":"2024-01-10T13:36:26","guid":{"rendered":"https:\/\/telediarioqueretaro.co\/?p=3181"},"modified":"2024-01-10T13:36:27","modified_gmt":"2024-01-10T13:36:27","slug":"comision-de-planeacion-y-presupuesto-aprueba-paquete-fiscal-2024-para-el-estado-de-queretaro","status":"publish","type":"post","link":"https:\/\/telediarioqueretaro.co\/?p=3181","title":{"rendered":"Comisi\u00f3n de Planeaci\u00f3n y Presupuesto aprueba paquete fiscal 2024 para el estado de Quer\u00e9taro"},"content":{"rendered":"\n<p><strong>Comisi\u00f3n de Planeaci\u00f3n y Presupuesto aprueba paquete fiscal 2024 para el estado de Quer\u00e9taro<\/strong><\/p>\n\n\n\n<p><em>Santiago de Quer\u00e9taro, Qro., 7 de diciembre de 2023.&nbsp;<\/em>Al reanudarse la sesi\u00f3n de trabajo de la Comisi\u00f3n de Planeaci\u00f3n y Presupuesto en la LX Legislatura del Estado, presidida por el diputado Luis Gerardo \u00c1ngeles Herrera, e integrada por las diputadas Maricruz Arellano Dorado y Martha Daniela Salgado M\u00e1rquez,&nbsp;se aprobaron por unanimidad los siguientes proyectos de dictamen:<\/p>\n\n\n\n<ul class=\"wp-block-list\">\n<li>Iniciativa de Ley que reforma, adiciona y deroga diversas disposiciones legislativas en materia fiscal y administrativa a partir del ejercicio fiscal 2024.<\/li>\n\n\n\n<li>Iniciativa de Ley de Ingresos del Estado de Quer\u00e9taro, para el ejercicio fiscal 2024.<\/li>\n\n\n\n<li>Decreto de Presupuesto de Egresos del Estado de Quer\u00e9taro, para el Ejercicio Fiscal 2024.<\/li>\n\n\n\n<li>Iniciativa de Ley que Fija las Bases, Montos y Plazos conforme a los cuales se distribuir\u00e1n las Participaciones Federales correspondientes a los Municipios del Estado de Quer\u00e9taro, para el Ejercicio Fiscal 2024<\/li>\n\n\n\n<li>Leyes de Ingresos, de los 18 Municipios del Estado de Quer\u00e9taro, para el Ejercicio Fiscal 2024<\/li>\n<\/ul>\n\n\n\n<p>Al no haber asuntos generales por tratar, se dio por concluida la sesi\u00f3n de la Comisi\u00f3n de Planeaci\u00f3n y Presupuesto de la LX Legislatura del estado.<\/p>\n","protected":false},"excerpt":{"rendered":"<p>Comisi\u00f3n de Planeaci\u00f3n y Presupuesto aprueba paquete fiscal 2024 para el estado de Quer\u00e9taro Santiago de Quer\u00e9taro, Qro., 7 de diciembre de 2023.&nbsp;Al reanudarse la sesi\u00f3n de trabajo de la Comisi\u00f3n de Planeaci\u00f3n y Presupuesto en la LX Legislatura del Estado, presidida por el diputado Luis Gerardo \u00c1ngeles Herrera, e [&hellip;]<\/p>\n","protected":false},"author":2,"featured_media":3182,"comment_status":"open","ping_status":"open","sticky":false,"template":"","format":"standard","meta":{"footnotes":""},"categories":[1],"tags":[],"class_list":["post-3181","post","type-post","status-publish","format-standard","has-post-thumbnail","hentry","category-sin-categoria"],"_links":{"self":[{"href":"https:\/\/telediarioqueretaro.co\/index.php?rest_route=\/wp\/v2\/posts\/3181","targetHints":{"allow":["GET"]}}],"collection":[{"href":"https:\/\/telediarioqueretaro.co\/index.php?rest_route=\/wp\/v2\/posts"}],"about":[{"href":"https:\/\/telediarioqueretaro.co\/index.php?rest_route=\/wp\/v2\/types\/post"}],"author":[{"embeddable":true,"href":"https:\/\/telediarioqueretaro.co\/index.php?rest_route=\/wp\/v2\/users\/2"}],"replies":[{"embeddable":true,"href":"https:\/\/telediarioqueretaro.co\/index.php?rest_route=%2Fwp%2Fv2%2Fcomments&post=3181"}],"version-history":[{"count":1,"href":"https:\/\/telediarioqueretaro.co\/index.php?rest_route=\/wp\/v2\/posts\/3181\/revisions"}],"predecessor-version":[{"id":3183,"href":"https:\/\/telediarioqueretaro.co\/index.php?rest_route=\/wp\/v2\/posts\/3181\/revisions\/3183"}],"wp:featuredmedia":[{"embeddable":true,"href":"https:\/\/telediarioqueretaro.co\/index.php?rest_route=\/wp\/v2\/media\/3182"}],"wp:attachment":[{"href":"https:\/\/telediarioqueretaro.co\/index.php?rest_route=%2Fwp%2Fv2%2Fmedia&parent=3181"}],"wp:term":[{"taxonomy":"category","embeddable":true,"href":"https:\/\/telediarioqueretaro.co\/index.php?rest_route=%2Fwp%2Fv2%2Fcategories&post=3181"},{"taxonomy":"post_tag","embeddable":true,"href":"https:\/\/telediarioqueretaro.co\/index.php?rest_route=%2Fwp%2Fv2%2Ftags&post=3181"}],"curies":[{"name":"wp","href":"https:\/\/api.w.org\/{rel}","templated":true}]}}