{"id":3206,"date":"2024-01-15T13:39:13","date_gmt":"2024-01-15T13:39:13","guid":{"rendered":"https:\/\/telediarioqueretaro.co\/?p=3206"},"modified":"2024-01-15T13:39:14","modified_gmt":"2024-01-15T13:39:14","slug":"en-sesion-de-pleno-se-aprobaron-reformas-en-materia-de-derechos-humanos-y-migraciones-entre-otros-temas","status":"publish","type":"post","link":"https:\/\/telediarioqueretaro.co\/?p=3206","title":{"rendered":"En Sesi\u00f3n de Pleno se aprobaron reformas en materia de derechos humanos y migraciones, entre otros temas"},"content":{"rendered":"\n<figure class=\"wp-block-image size-full\"><img loading=\"lazy\" decoding=\"async\" width=\"280\" height=\"300\" src=\"https:\/\/telediarioqueretaro.co\/wp-content\/uploads\/2024\/01\/image-23.png\" alt=\"\" class=\"wp-image-3207\"\/><\/figure>\n\n\n\n<p><strong>En Sesi\u00f3n de Pleno se aprobaron reformas en materia de<\/strong><\/p>\n\n\n\n<p><strong>derechos humanos y migraciones, entre otros temas<\/strong><\/p>\n\n\n\n<p><em>Santiago de Quer\u00e9taro, Qro., 13 de diciembre de 2023.-&nbsp;<\/em>En la Sesi\u00f3n de Pleno (la segunda de este d\u00eda), las diputadas y diputados de la LX Legislatura del Estado, aprobaron el&nbsp;<strong>Dictamen de la \u201cIniciativa de Ley que adiciona diversas disposiciones a la Ley de Derechos Humanos del Estado de Quer\u00e9taro\u201d;&nbsp;<\/strong>presentado por la Comisi\u00f3n de Planeaci\u00f3n y Presupuesto.<\/p>\n\n\n\n<p>En los considerandos del dictamen se destaca que la citada ley, tiene por objeto proteger la dignidad humana; fijar las bases para dar cumplimiento a la promoci\u00f3n, respeto, protecci\u00f3n y garant\u00eda de los Derechos Humanos reconocidos en la Constituci\u00f3n de Pol\u00edtica de los Estados Unidos Mexicanos, los Tratados Internacionales de los que el Estado Mexicano es parte, la Constituci\u00f3n Pol\u00edtica del Estado de Quer\u00e9taro y en los ordenamientos jur\u00eddicos vigentes en la entidad, as\u00ed como determinar la organizaci\u00f3n y competencia de la Defensor\u00eda de los Derechos Humanos de Quer\u00e9taro.<\/p>\n\n\n\n<p>Asimismo, se\u00f1ala que el art\u00edculo 42 y 43 de la supra citada ley establece que la Legislatura, a trav\u00e9s del correspondiente Presupuesto de Egresos, otorgar\u00e1 a la Defensor\u00eda los recursos suficientes para el cumplimiento de sus funciones; por otro lado, menciona que el ejercicio del presupuesto de la Defensor\u00eda ser\u00e1 revisado y fiscalizado en los t\u00e9rminos de las disposiciones legales aplicables<\/p>\n\n\n\n<p>En otro punto del d\u00eda, los legisladores aprobaron el&nbsp;<strong>Dictamen de la Iniciativa de Ley que reforma y adiciona diversas disposiciones de la Ley para la Atenci\u00f3n de las Migraciones en el Estado de Quer\u00e9taro,&nbsp;<\/strong>buscando el fortalecimiento de la ley para una mejor atenci\u00f3n de las migraciones, para lo cual se lleva a cabo, la transici\u00f3n de la narrativa de seguridad y control migratorio a la de integraci\u00f3n, hospitalidad, interculturalidad y solidaridad, estableciendo principios y criterios m\u00ednimos para la construcci\u00f3n de reglamentos, protocolos de actuaci\u00f3n, programas y pol\u00edticas p\u00fablicas que contribuyan a garantizar de manera integral y sin discriminaci\u00f3n los derechos humanos de las personas migrantes y sujetas de protecci\u00f3n internacional.<\/p>\n\n\n\n<p>Asimismo, se fortalecer\u00e1n las obligaciones de las autoridades estatales y municipales con relaci\u00f3n a garantizar, respetar y proteger todos los derechos de las personas migrantes y sujetas de protecci\u00f3n internacional, sin discriminaci\u00f3n e independientemente de su condici\u00f3n migratoria o nacionalidad. Por otra parte, se propone la eliminaci\u00f3n de la privaci\u00f3n de libertad por razones migratorias, avanzando hacia la excepcionalidad, necesidad y proporcionalidad de esta pr\u00e1ctica.<\/p>\n\n\n\n<p>Tambi\u00e9n se reforzar\u00e1 la promoci\u00f3n de la inclusi\u00f3n integral de todas las personas y comunidades migrantes, sin discriminaci\u00f3n, a trav\u00e9s del fortalecimiento de las capacidades de las instituciones responsables de la acogida, la integraci\u00f3n, as\u00ed como del trabajo comunitario en la sociedad queretana; adem\u00e1s del establecimiento de mecanismos como la capacitaci\u00f3n y sensibilizaci\u00f3n de las personas servidoras p\u00fablicas para la prevenci\u00f3n de los discursos y pr\u00e1cticas xen\u00f3fobas que producen efectos negativos en la integraci\u00f3n de las personas migrantes y sujetas de protecci\u00f3n internacional.<\/p>\n\n\n\n<p>Fortalecer la promoci\u00f3n y generaci\u00f3n de informaci\u00f3n de las comunidades de acogida con la finalidad de reducir y en su caso eliminar actos de discriminaci\u00f3n, racismo y xenofobia en contra de personas migrantes y sujetas de protecci\u00f3n internacional; la capacitaci\u00f3n de los servidores p\u00fablicos en el respeto a los derechos humano y el trato para con las personas migrantes; y la organizaci\u00f3n, transparencia y articulaci\u00f3n del Consejo Asesor, para que est\u00e9 en posibilidad de realizar propuestas y brindar acompa\u00f1amiento institucional a las autoridades responsables a nivel estatal en la implementaci\u00f3n de pol\u00edticas p\u00fablicas en la materia, as\u00ed como la puesta en marcha de mecanismos de evaluaci\u00f3n y seguimiento de las pol\u00edticas p\u00fablicas dirigidas a la poblaci\u00f3n migrante y sujeta de protecci\u00f3n internacional.<\/p>\n\n\n\n<p>Los legisladores tambi\u00e9n aprobaron&nbsp;<strong>el Dictamen de la iniciativa de desincorporaci\u00f3n del inmueble identificado como Solar n\u00famero 1, Manzana 1, Zona 3, con una superficie de 30,000.374 metros cuadrados, ubicado en el domicilio conocido sin n\u00famero, en la comunidad de Escol\u00e1sticas, municipio de Pedro Escobedo, Quer\u00e9taro, en el cual se encuentra instalada la Escuela Media Superior a Distancia EMSaD 34 y en consecuencia la autorizaci\u00f3n y aprobaci\u00f3n de la donaci\u00f3n de dicho inmueble por parte del municipio de Pedro Escobedo, Quer\u00e9taro, a favor del Colegio de Bachilleres del Estado de Quer\u00e9taro.<\/strong><\/p>\n\n\n\n<p>La Legislatura consider\u00f3 oportuno autorizar la enajenaci\u00f3n de este inmueble a favor del Colegio de Bachilleres del Estado, el cual ser\u00e1 destinado para cumplir con el objeto de impartir e impulsar la educaci\u00f3n p\u00fablica en su nivel medio superior con car\u00e1cter integral, formativo y proped\u00e9utico a los j\u00f3venes del Estado.<\/p>\n\n\n\n<p>Asimismo, se aprob\u00f3 el&nbsp;<strong>Dictamen de la iniciativa de solicitud de autorizaci\u00f3n para la desincorporaci\u00f3n del bien inmueble el cual ser\u00e1 donado al Instituto Tecnol\u00f3gico en el Estado de Quer\u00e9taro, propiedad del municipio de Arroyo Seco, Qro.<\/strong><\/p>\n\n\n\n<p>La instituci\u00f3n indica que el inmueble del que se habla ser\u00e1 destinado para la construcci\u00f3n de un plantel, con la finalidad de brindar mayores oportunidades de educaci\u00f3n a la poblaci\u00f3n de la zona serrana.<\/p>\n\n\n\n<p>Por \u00faltimo, los diputados integrantes de la LX Legislatura aprobaron el&nbsp;<strong>Dictamen de la Iniciativa de Acuerdo por el que se exhorta al titular del Poder Ejecutivo Federal, para que, a trav\u00e9s de la Secretar\u00eda de Salud, de manera urgente, modifique la Pol\u00edtica Nacional Rectora de Vacunaci\u00f3n contra el SARS-CoV-2, para garantizar a todas las personas mayores de seis meses de edad, el acceso a la vacuna contra la covid-19.<\/strong><\/p>\n\n\n\n<p>Toda vez que en otros pa\u00edses se est\u00e1n preparando para reforzar la vacunaci\u00f3n, tal como lo aconsej\u00f3 la Organizaci\u00f3n Mundial de la Salud; y en nuestro pa\u00eds, la Secretar\u00eda de Salud inform\u00f3 que durante esta jornada nacional de vacunaci\u00f3n, que inici\u00f3 el 15 de octubre de 2023, quiere vacunar un m\u00e1ximo a 24,5 millones de personas, las cuales solo ser\u00e1n mayores de 60 a\u00f1os, mujeres embarazadas, pacientes con comorbilidades y personal de salud, es decir, de nueva cuenta, los beb\u00e9s, ni\u00f1as, ni\u00f1os y adolescentes no est\u00e1n considerados.<\/p>\n\n\n\n<p>El exhorto considera que de no vacunar a todas estas personas implica una grave violaci\u00f3n a su derecho a la salud y, adem\u00e1s, ignora las recomendaciones que ha emitido la Organizaci\u00f3n Mundial de la Salud respecto a la integraci\u00f3n de la vacunaci\u00f3n contra la covid-19 en los planes nacionales de vacunaci\u00f3n.<\/p>\n\n\n\n<p>Y es que desde julio de este a\u00f1o se ha venido constatando un aumento considerable en el n\u00famero de casos de Covid-19 en todo el pa\u00eds, por lo que es de preverse que, con la llegada del invierno, esta enfermedad se extender\u00e1 a\u00fan de forma m\u00e1s acelerada entre la poblaci\u00f3n.<\/p>\n","protected":false},"excerpt":{"rendered":"<p>En Sesi\u00f3n de Pleno se aprobaron reformas en materia de derechos humanos y migraciones, entre otros temas Santiago de Quer\u00e9taro, Qro., 13 de diciembre de 2023.-&nbsp;En la Sesi\u00f3n de Pleno (la segunda de este d\u00eda), las diputadas y diputados de la LX Legislatura del Estado, aprobaron el&nbsp;Dictamen de la \u201cIniciativa [&hellip;]<\/p>\n","protected":false},"author":2,"featured_media":3208,"comment_status":"open","ping_status":"open","sticky":false,"template":"","format":"standard","meta":{"footnotes":""},"categories":[1],"tags":[],"class_list":["post-3206","post","type-post","status-publish","format-standard","has-post-thumbnail","hentry","category-sin-categoria"],"_links":{"self":[{"href":"https:\/\/telediarioqueretaro.co\/index.php?rest_route=\/wp\/v2\/posts\/3206","targetHints":{"allow":["GET"]}}],"collection":[{"href":"https:\/\/telediarioqueretaro.co\/index.php?rest_route=\/wp\/v2\/posts"}],"about":[{"href":"https:\/\/telediarioqueretaro.co\/index.php?rest_route=\/wp\/v2\/types\/post"}],"author":[{"embeddable":true,"href":"https:\/\/telediarioqueretaro.co\/index.php?rest_route=\/wp\/v2\/users\/2"}],"replies":[{"embeddable":true,"href":"https:\/\/telediarioqueretaro.co\/index.php?rest_route=%2Fwp%2Fv2%2Fcomments&post=3206"}],"version-history":[{"count":1,"href":"https:\/\/telediarioqueretaro.co\/index.php?rest_route=\/wp\/v2\/posts\/3206\/revisions"}],"predecessor-version":[{"id":3209,"href":"https:\/\/telediarioqueretaro.co\/index.php?rest_route=\/wp\/v2\/posts\/3206\/revisions\/3209"}],"wp:featuredmedia":[{"embeddable":true,"href":"https:\/\/telediarioqueretaro.co\/index.php?rest_route=\/wp\/v2\/media\/3208"}],"wp:attachment":[{"href":"https:\/\/telediarioqueretaro.co\/index.php?rest_route=%2Fwp%2Fv2%2Fmedia&parent=3206"}],"wp:term":[{"taxonomy":"category","embeddable":true,"href":"https:\/\/telediarioqueretaro.co\/index.php?rest_route=%2Fwp%2Fv2%2Fcategories&post=3206"},{"taxonomy":"post_tag","embeddable":true,"href":"https:\/\/telediarioqueretaro.co\/index.php?rest_route=%2Fwp%2Fv2%2Ftags&post=3206"}],"curies":[{"name":"wp","href":"https:\/\/api.w.org\/{rel}","templated":true}]}}