{"id":3213,"date":"2024-01-16T13:24:16","date_gmt":"2024-01-16T13:24:16","guid":{"rendered":"https:\/\/telediarioqueretaro.co\/?p=3213"},"modified":"2024-01-16T13:24:16","modified_gmt":"2024-01-16T13:24:16","slug":"diputados-alistan-y-apoyan-en-los-preparativos-para-la-realizacion-de-la-17ava-caravana-del-migrante-2","status":"publish","type":"post","link":"https:\/\/telediarioqueretaro.co\/?p=3213","title":{"rendered":"Diputados alistan y apoyan en los preparativos para la realizaci\u00f3n de la 17ava. Caravana del Migrante"},"content":{"rendered":"\n<figure class=\"wp-block-image size-full\"><img loading=\"lazy\" decoding=\"async\" width=\"750\" height=\"400\" src=\"https:\/\/telediarioqueretaro.co\/wp-content\/uploads\/2024\/01\/image-25.png\" alt=\"\" class=\"wp-image-3214\" srcset=\"https:\/\/telediarioqueretaro.co\/wp-content\/uploads\/2024\/01\/image-25.png 750w, https:\/\/telediarioqueretaro.co\/wp-content\/uploads\/2024\/01\/image-25-300x160.png 300w\" sizes=\"auto, (max-width: 750px) 100vw, 750px\" \/><\/figure>\n\n\n\n<p>Ya son mil 300 veh\u00edculos registrados electr\u00f3nicamente, hasta el momento.<\/p>\n\n\n\n<p>Laredo, Tx., 18 de diciembre de 2023. En el marco del D\u00eda Internacional del Migrante, el presidente de la Mesa Directiva en la LX Legislatura del estado, diputado Luis Gerardo \u00c1ngeles Herrera, acompa\u00f1ado de las diputadas Liz Selene Salazar P\u00e9rez y Leticia Rubio Montes; del M.C. Juan Fernando Rocha Mier, presidente de la asociaci\u00f3n Migrantes Unidos en Caravana, A. C.; del Pbro. Aristeo Olvera Maqueda, secretario; as\u00ed como del Sr. Braulio Monroy Villeda, tesorero de esta misma asociaci\u00f3n; adem\u00e1s de la diputada federal Sonia Rocha Acosta; y representantes de dependencias estatales y federales; informaron sobre los \u00faltimos preparativos para la realizaci\u00f3n de la 17ava. Caravana del Migrante, que saldr\u00e1 este 19 de diciembre a las 5 de la ma\u00f1ana, del estacionamiento de la arena Energy, con la intenci\u00f3n de que nuestros connacionales tengan un retorno seguro para que pasen las festividades decembrinas con sus familias.<\/p>\n\n\n\n<p>El diputado Luis Gerardo \u00c1ngeles Herrera, mencion\u00f3 que como legisladores acompa\u00f1ar\u00e1n, como lo han hecho en a\u00f1os anteriores, a nuestros paisanos, con la finalidad de resguardar su seguridad; por ello la importante de que los acompa\u00f1en representantes de dependencias estatales y federales, como es el caso de elementos de la Secretar\u00eda de Seguridad Ciudadana de Quer\u00e9taro, Unidades de Protecci\u00f3n Civil, del Instituto Nacional de Migraci\u00f3n, as\u00ed como corporaciones de otros estados cercanos a Quer\u00e9taro; quienes traen consigo el equipo necesario para verificar y auxiliar a los veh\u00edculos, por si presentan alguna falla mec\u00e1nica o se presente una urgencia m\u00e9dica.<\/p>\n\n\n\n<p>En su mensaje con los representantes de los medios de comunicaci\u00f3n, informaron que ya son mil 300 veh\u00edculos registrados electr\u00f3nicamente hasta el momento, aunque por experiencias de a\u00f1os anteriores, la cantidad pueda llegar a triplicarse al momento del arranque de dicha caravana.<\/p>\n\n\n\n<p>El presidente de la Mesa Directiva, reiter\u00f3 su inter\u00e9s por contribuir una vez m\u00e1s en la log\u00edstica y acompa\u00f1amiento de la misma, ya que dijo, son muchos los paisanos que esperan esta caravana para viajar seguros a su destino. \u201cAgradecer por permitirnos venir a acompa\u00f1ar a nuestros paisanos que regresan, no solo a Quer\u00e9taro, sino tambi\u00e9n a otros estados de la Rep\u00fablica cercanos a Quer\u00e9taro, porque para ellos es una seguridad poder ir con las autoridades de su pa\u00eds, para poder llegar en paz y en tranquilidad para disfrutar estas festividades con sus familiares, ellos esperan todo el a\u00f1o para regresar con sus familias, hay quienes tienen muchos a\u00f1os de no ver a sus familiares y amigos, nos han platicado que el hecho de que estemos como autoridades aqu\u00ed respald\u00e1ndolos y acompa\u00f1\u00e1ndolos, para ellos es una garant\u00eda de que llegar\u00e1n bien a su destino\u201d.<\/p>\n\n\n\n<p>El diputado Gerardo \u00c1ngeles reconoci\u00f3 y agradeci\u00f3 el apoyo brindado por el gobernador Mauricio Kuri Gonz\u00e1lez, para la realizaci\u00f3n de la 17ava. edici\u00f3n de esta caravana, la cual se estima que llegue el mismo 19 de diciembre a las 8 de la noche al municipio de Jalpan de Serra, donde ser\u00e1n recibidos por sus familiares y amigos.<\/p>\n\n\n\n<p>En su oportunidad, la diputada Selene Salazar coment\u00f3 que contribuyen con su granito de arena para la organizaci\u00f3n y realizaci\u00f3n de esta tradicional caravana del migrante, sobre todo, con la log\u00edstica, \u201cpara llevar a nuestros migrantes a casa seguros y a salvo, siempre contenta de poder contribuir y sumar en esta caravana, soy una aliada de esta caravana del migrante\u201d.<\/p>\n\n\n\n<p>Asimismo, la diputada Leticia Rubio Montes coment\u00f3 que, adem\u00e1s de promover al estado, para que los migrantes puedan conocer los atractivos tur\u00edsticos de todo el territorio queretano, se estar\u00e1 realizando una encuesta, con el objetivo de conocer las necesidades de los migrantes, y el inter\u00e9s de poder<\/p>\n\n\n\n<p>emprender alg\u00fan negocio tur\u00edstico, ya que de ser necesario, se busca la posibilidad de impulsarlos, a trav\u00e9s de alg\u00fan programa del gobierno estatal, concretamente con la Secretar\u00eda de Turismo, a fin de que puedan contribuir a la econom\u00eda de su lugar de origen, por lo que como presidenta de la Comisi\u00f3n de Turismo en la Legislatura, busca ser el enlace entre las autoridades estatales y los connacionales interesados en alg\u00fan proyecto de emprendimiento en su municipio.<\/p>\n","protected":false},"excerpt":{"rendered":"<p>Ya son mil 300 veh\u00edculos registrados electr\u00f3nicamente, hasta el momento. Laredo, Tx., 18 de diciembre de 2023. En el marco del D\u00eda Internacional del Migrante, el presidente de la Mesa Directiva en la LX Legislatura del estado, diputado Luis Gerardo \u00c1ngeles Herrera, acompa\u00f1ado de las diputadas Liz Selene Salazar P\u00e9rez [&hellip;]<\/p>\n","protected":false},"author":2,"featured_media":3215,"comment_status":"open","ping_status":"open","sticky":false,"template":"","format":"standard","meta":{"footnotes":""},"categories":[1],"tags":[],"class_list":["post-3213","post","type-post","status-publish","format-standard","has-post-thumbnail","hentry","category-sin-categoria"],"_links":{"self":[{"href":"https:\/\/telediarioqueretaro.co\/index.php?rest_route=\/wp\/v2\/posts\/3213","targetHints":{"allow":["GET"]}}],"collection":[{"href":"https:\/\/telediarioqueretaro.co\/index.php?rest_route=\/wp\/v2\/posts"}],"about":[{"href":"https:\/\/telediarioqueretaro.co\/index.php?rest_route=\/wp\/v2\/types\/post"}],"author":[{"embeddable":true,"href":"https:\/\/telediarioqueretaro.co\/index.php?rest_route=\/wp\/v2\/users\/2"}],"replies":[{"embeddable":true,"href":"https:\/\/telediarioqueretaro.co\/index.php?rest_route=%2Fwp%2Fv2%2Fcomments&post=3213"}],"version-history":[{"count":1,"href":"https:\/\/telediarioqueretaro.co\/index.php?rest_route=\/wp\/v2\/posts\/3213\/revisions"}],"predecessor-version":[{"id":3216,"href":"https:\/\/telediarioqueretaro.co\/index.php?rest_route=\/wp\/v2\/posts\/3213\/revisions\/3216"}],"wp:featuredmedia":[{"embeddable":true,"href":"https:\/\/telediarioqueretaro.co\/index.php?rest_route=\/wp\/v2\/media\/3215"}],"wp:attachment":[{"href":"https:\/\/telediarioqueretaro.co\/index.php?rest_route=%2Fwp%2Fv2%2Fmedia&parent=3213"}],"wp:term":[{"taxonomy":"category","embeddable":true,"href":"https:\/\/telediarioqueretaro.co\/index.php?rest_route=%2Fwp%2Fv2%2Fcategories&post=3213"},{"taxonomy":"post_tag","embeddable":true,"href":"https:\/\/telediarioqueretaro.co\/index.php?rest_route=%2Fwp%2Fv2%2Ftags&post=3213"}],"curies":[{"name":"wp","href":"https:\/\/api.w.org\/{rel}","templated":true}]}}