{"id":3224,"date":"2024-01-17T13:36:06","date_gmt":"2024-01-17T13:36:06","guid":{"rendered":"https:\/\/telediarioqueretaro.co\/?p=3224"},"modified":"2024-01-17T13:36:06","modified_gmt":"2024-01-17T13:36:06","slug":"roberto-cabrera-refrenda-compromiso-para-amar-cuidar-y-defender-el-agua","status":"publish","type":"post","link":"https:\/\/telediarioqueretaro.co\/?p=3224","title":{"rendered":"Roberto Cabrera Refrenda Compromiso Para Amar, Cuidar Y Defender El Agua"},"content":{"rendered":"\n<figure class=\"wp-block-image size-large\"><img loading=\"lazy\" decoding=\"async\" width=\"1024\" height=\"543\" src=\"https:\/\/telediarioqueretaro.co\/wp-content\/uploads\/2024\/01\/image-28-1024x543.png\" alt=\"\" class=\"wp-image-3225\" srcset=\"https:\/\/telediarioqueretaro.co\/wp-content\/uploads\/2024\/01\/image-28-1024x543.png 1024w, https:\/\/telediarioqueretaro.co\/wp-content\/uploads\/2024\/01\/image-28-300x159.png 300w, https:\/\/telediarioqueretaro.co\/wp-content\/uploads\/2024\/01\/image-28-768x407.png 768w, https:\/\/telediarioqueretaro.co\/wp-content\/uploads\/2024\/01\/image-28.png 1210w\" sizes=\"auto, (max-width: 1024px) 100vw, 1024px\" \/><\/figure>\n\n\n\n<p>El municipio de San Juan del R\u00edo refrenda su compromiso para implementar pol\u00edticas p\u00fablicas con visi\u00f3n de largo plazo para Amar, Cuidar y Defender el agua, las cuales se alinear\u00e1n a las que establezcan las autoridades en la materia, dijo el presidente municipal de San Juan del R\u00edo, Roberto Cabrera Valencia.<\/p>\n\n\n\n<p>En su mensaje con motivo de la ceremonia del 35 Aniversario de la Comisi\u00f3n Nacional del Agua (CONAGUA) -donde se entregaron 15 de 23 t\u00edtulos de concesi\u00f3n de aguas nacionales tramitados-, Roberto Cabrera record\u00f3 que el municipio realizar\u00e1 el Congreso del Agua, para permitir a los tres \u00f3rdenes de gobierno establecer acciones y, de este modo, cuidar el l\u00edquido con visi\u00f3n de futuro.<\/p>\n\n\n\n<p>\u201cEn el marco de este 35 Aniversario, es un honor estar aqu\u00ed con ustedes e invitar de manera respetuosa a que este a\u00f1o hagamos un Congreso del Agua en San Juan del R\u00edo, para poder hacer pol\u00edticas p\u00fablicas de largo plazo y la CONAGUA cumpla 35 m\u00e1s\u201d, mencion\u00f3 Cabrera Valencia en el evento.<\/p>\n\n\n\n<p>La representante de la Secretar\u00eda de Medio Ambiente y Recursos Naturales en el estado de Quer\u00e9taro, Paloma Arce Islas, mencion\u00f3 que la entrega de los t\u00edtulos de concesi\u00f3n de aguas nacionales entregados a los usuarios obedece a las distintas necesidades que se tienen en el estado de Quer\u00e9taro.<\/p>\n\n\n\n<p>\u201cEl agua es un recurso vital, es el m\u00e1s importante, yo dir\u00eda que tenemos, y sin el que pr\u00e1cticamente no tendr\u00edamos alimentos, no tendr\u00edamos bosques, no tendr\u00edamos nada. Entonces, con esa misma responsabilidad que todos tenemos estoy segura que van a actuar en este sentido y se va a dar cumplimiento cabal a la normatividad\u201d, manifest\u00f3.<\/p>\n\n\n\n<p>El director local de la CONAGUA en Quer\u00e9taro, Ra\u00fal Jos\u00e9 Medina D\u00edaz, reafirm\u00f3 el compromiso del organismo para seguir trabajando en un futuro sostenible, sustentable y equitativo de la gesti\u00f3n del agua en el pa\u00eds y, en particular, en la entidad queretana.<\/p>\n","protected":false},"excerpt":{"rendered":"<p>El municipio de San Juan del R\u00edo refrenda su compromiso para implementar pol\u00edticas p\u00fablicas con visi\u00f3n de largo plazo para Amar, Cuidar y Defender el agua, las cuales se alinear\u00e1n a las que establezcan las autoridades en la materia, dijo el presidente municipal de San Juan del R\u00edo, Roberto Cabrera [&hellip;]<\/p>\n","protected":false},"author":2,"featured_media":3226,"comment_status":"open","ping_status":"open","sticky":false,"template":"","format":"standard","meta":{"footnotes":""},"categories":[1],"tags":[],"class_list":["post-3224","post","type-post","status-publish","format-standard","has-post-thumbnail","hentry","category-sin-categoria"],"_links":{"self":[{"href":"https:\/\/telediarioqueretaro.co\/index.php?rest_route=\/wp\/v2\/posts\/3224","targetHints":{"allow":["GET"]}}],"collection":[{"href":"https:\/\/telediarioqueretaro.co\/index.php?rest_route=\/wp\/v2\/posts"}],"about":[{"href":"https:\/\/telediarioqueretaro.co\/index.php?rest_route=\/wp\/v2\/types\/post"}],"author":[{"embeddable":true,"href":"https:\/\/telediarioqueretaro.co\/index.php?rest_route=\/wp\/v2\/users\/2"}],"replies":[{"embeddable":true,"href":"https:\/\/telediarioqueretaro.co\/index.php?rest_route=%2Fwp%2Fv2%2Fcomments&post=3224"}],"version-history":[{"count":1,"href":"https:\/\/telediarioqueretaro.co\/index.php?rest_route=\/wp\/v2\/posts\/3224\/revisions"}],"predecessor-version":[{"id":3227,"href":"https:\/\/telediarioqueretaro.co\/index.php?rest_route=\/wp\/v2\/posts\/3224\/revisions\/3227"}],"wp:featuredmedia":[{"embeddable":true,"href":"https:\/\/telediarioqueretaro.co\/index.php?rest_route=\/wp\/v2\/media\/3226"}],"wp:attachment":[{"href":"https:\/\/telediarioqueretaro.co\/index.php?rest_route=%2Fwp%2Fv2%2Fmedia&parent=3224"}],"wp:term":[{"taxonomy":"category","embeddable":true,"href":"https:\/\/telediarioqueretaro.co\/index.php?rest_route=%2Fwp%2Fv2%2Fcategories&post=3224"},{"taxonomy":"post_tag","embeddable":true,"href":"https:\/\/telediarioqueretaro.co\/index.php?rest_route=%2Fwp%2Fv2%2Ftags&post=3224"}],"curies":[{"name":"wp","href":"https:\/\/api.w.org\/{rel}","templated":true}]}}