{"id":3255,"date":"2024-01-22T13:35:38","date_gmt":"2024-01-22T13:35:38","guid":{"rendered":"https:\/\/telediarioqueretaro.co\/?p=3255"},"modified":"2024-01-22T13:35:39","modified_gmt":"2024-01-22T13:35:39","slug":"presenta-prolongacion-av-de-la-luz-40-de-avance","status":"publish","type":"post","link":"https:\/\/telediarioqueretaro.co\/?p=3255","title":{"rendered":"Presenta Prolongaci\u00f3n Av. De La Luz 40% De Avance"},"content":{"rendered":"\n<figure class=\"wp-block-image size-full\"><img loading=\"lazy\" decoding=\"async\" width=\"585\" height=\"443\" src=\"https:\/\/telediarioqueretaro.co\/wp-content\/uploads\/2024\/01\/image-34.png\" alt=\"\" class=\"wp-image-3256\" srcset=\"https:\/\/telediarioqueretaro.co\/wp-content\/uploads\/2024\/01\/image-34.png 585w, https:\/\/telediarioqueretaro.co\/wp-content\/uploads\/2024\/01\/image-34-300x227.png 300w\" sizes=\"auto, (max-width: 585px) 100vw, 585px\" \/><\/figure>\n\n\n\n<p>Durante la entrega de la ampliaci\u00f3n a Prolongaci\u00f3n Bernardo Quintana, la cual conectar\u00e1 dicho vialidad con Paseo Quer\u00e9taro, el presidente municipal de Quer\u00e9taro, Marcos Aguilar Vega, dio a conocer que actualmente la prolongaci\u00f3n de avenida de la Luz ya cuenta con un avance del 40% en su construcci\u00f3n, por lo que espera entregarla en el mes de marzo de 2018.<\/p>\n\n\n\n<p>Fue en noviembre del a\u00f1o pasado cuando se dio inicio a la obra, la cual terminar\u00e1 el tramo que conecta con el Libramiento Surponiente. Dicha obra, de acuerdo con el alcalde capitalino, tuvo una inversi\u00f3n de 139 millones de pesos, y ser\u00e1 similar a lo realizado en Paseo Quer\u00e9taro a mediados del 2017.<\/p>\n\n\n\n<p>\u201cHoy estamos ya muy avanzados, puede anticiparles a ustedes que ya tenemos un avance cercano del 40% de esta obra que deber\u00e1 ser entregada a principios del mes de marzo, una obra en la que estamos invirtiendo 139 millones de pesos\u201d.<\/p>\n\n\n\n<p>Indic\u00f3 que esta prolongaci\u00f3n contar\u00e1 con 6 carriles de concreto hidr\u00e1ulico, as\u00ed como iluminaci\u00f3n LED; contar\u00e1 con un pulm\u00f3n urbano en el camell\u00f3n, adem\u00e1s de ciclopista, trotapista, banquetas que van desde los 4 metros hasta los 8 metros.<\/p>\n\n\n\n<p>De igual forma, destac\u00f3 la importancia de los tres proyectos realizados en la zona norponiente de la capital del estado (Paseo Quer\u00e9taro, ampliaci\u00f3n a Prolongaci\u00f3n Bernardo Quintana y Prolongaci\u00f3n Avenida de La Luz), calific\u00e1ndola como \u201cuna obra in\u00e9dita en nuestra historia\u201d. Especialmente, se refiri\u00f3 a Paseo Quer\u00e9taro, la cual afirm\u00f3 que se trata de la mejor calle del estado de Quer\u00e9taro, por la duraci\u00f3n de 30 a\u00f1os que durar\u00eda gracias al concreto hidr\u00e1ulico instalado.<\/p>\n\n\n\n<p>Decid\u00ed hacer una inversi\u00f3n hist\u00f3rica en el norponiente, que permitiera a los habitantes de las 110 colonias y comunidades aqu\u00ed ubicadas, tener una mejor movilidad y por lo tanto una mejor calidad de vida\u201d.<\/p>\n\n\n\n<p>Finalmente, Aguilar Vega afirm\u00f3 que en 26 meses \u201chemos transformado la movilidad\u201d de un cuarto de la poblaci\u00f3n de la zona norponiente, as\u00ed como sentado las bases para dicha zona crezca y progrese<\/p>\n","protected":false},"excerpt":{"rendered":"<p>Durante la entrega de la ampliaci\u00f3n a Prolongaci\u00f3n Bernardo Quintana, la cual conectar\u00e1 dicho vialidad con Paseo Quer\u00e9taro, el presidente municipal de Quer\u00e9taro, Marcos Aguilar Vega, dio a conocer que actualmente la prolongaci\u00f3n de avenida de la Luz ya cuenta con un avance del 40% en su construcci\u00f3n, por lo [&hellip;]<\/p>\n","protected":false},"author":2,"featured_media":3257,"comment_status":"open","ping_status":"open","sticky":false,"template":"","format":"standard","meta":{"footnotes":""},"categories":[1],"tags":[],"class_list":["post-3255","post","type-post","status-publish","format-standard","has-post-thumbnail","hentry","category-sin-categoria"],"_links":{"self":[{"href":"https:\/\/telediarioqueretaro.co\/index.php?rest_route=\/wp\/v2\/posts\/3255","targetHints":{"allow":["GET"]}}],"collection":[{"href":"https:\/\/telediarioqueretaro.co\/index.php?rest_route=\/wp\/v2\/posts"}],"about":[{"href":"https:\/\/telediarioqueretaro.co\/index.php?rest_route=\/wp\/v2\/types\/post"}],"author":[{"embeddable":true,"href":"https:\/\/telediarioqueretaro.co\/index.php?rest_route=\/wp\/v2\/users\/2"}],"replies":[{"embeddable":true,"href":"https:\/\/telediarioqueretaro.co\/index.php?rest_route=%2Fwp%2Fv2%2Fcomments&post=3255"}],"version-history":[{"count":1,"href":"https:\/\/telediarioqueretaro.co\/index.php?rest_route=\/wp\/v2\/posts\/3255\/revisions"}],"predecessor-version":[{"id":3258,"href":"https:\/\/telediarioqueretaro.co\/index.php?rest_route=\/wp\/v2\/posts\/3255\/revisions\/3258"}],"wp:featuredmedia":[{"embeddable":true,"href":"https:\/\/telediarioqueretaro.co\/index.php?rest_route=\/wp\/v2\/media\/3257"}],"wp:attachment":[{"href":"https:\/\/telediarioqueretaro.co\/index.php?rest_route=%2Fwp%2Fv2%2Fmedia&parent=3255"}],"wp:term":[{"taxonomy":"category","embeddable":true,"href":"https:\/\/telediarioqueretaro.co\/index.php?rest_route=%2Fwp%2Fv2%2Fcategories&post=3255"},{"taxonomy":"post_tag","embeddable":true,"href":"https:\/\/telediarioqueretaro.co\/index.php?rest_route=%2Fwp%2Fv2%2Ftags&post=3255"}],"curies":[{"name":"wp","href":"https:\/\/api.w.org\/{rel}","templated":true}]}}