{"id":3284,"date":"2024-01-25T13:24:46","date_gmt":"2024-01-25T13:24:46","guid":{"rendered":"https:\/\/telediarioqueretaro.co\/?p=3284"},"modified":"2024-01-25T13:24:46","modified_gmt":"2024-01-25T13:24:46","slug":"preside-diputado-gerardo-angeles-herrera-la-primera-sesion-ordinaria-2024-del-colegio-de-abogados-litigantes-de-queretaro-y-la-presentacion-del-nuevo-codigo-de-etica","status":"publish","type":"post","link":"https:\/\/telediarioqueretaro.co\/?p=3284","title":{"rendered":"Preside diputado Gerardo \u00c1ngeles Herrera, la Primera Sesi\u00f3n Ordinaria 2024 del Colegio de Abogados Litigantes de Quer\u00e9taro y la presentaci\u00f3n del nuevo C\u00f3digo de \u00c9tica"},"content":{"rendered":"\n<figure class=\"wp-block-image size-full\"><img loading=\"lazy\" decoding=\"async\" width=\"213\" height=\"223\" src=\"https:\/\/telediarioqueretaro.co\/wp-content\/uploads\/2024\/01\/image-42.png\" alt=\"\" class=\"wp-image-3285\"\/><\/figure>\n\n\n\n<p><strong>Preside diputado Gerardo \u00c1ngeles Herrera, la Primera Sesi\u00f3n Ordinaria 2024 del Colegio de Abogados Litigantes de Quer\u00e9taro y la presentaci\u00f3n del nuevo C\u00f3digo de \u00c9tica<\/strong><\/p>\n\n\n\n<p><em>Santiago de Quer\u00e9taro, Qro., 17 de enero de 2024.-<\/em>&nbsp;El presidente de la Mesa Directiva en la LX Legislatura del Estado de Quer\u00e9taro, Luis Gerardo \u00c1ngeles Herrera, encabez\u00f3 la Primera Sesi\u00f3n Ordinaria 2024 del Colegio de Abogados Litigantes de Quer\u00e9taro, donde se realiz\u00f3 la presentaci\u00f3n del nuevo C\u00f3digo de \u00c9tica, en el sal\u00f3n Constituyentes de 1916-1917 del Poder Legislativo, acompa\u00f1ado de Mayela Portos Hern\u00e1ndez, presidenta del Colegio de Abogados Litigantes de Quer\u00e9taro A.C.; Mariela Ponce Villa, magistrada Presidente del Poder Judicial del Estado de Quer\u00e9taro; Carlos Alberto Alcaraz Guti\u00e9rrez, secretario de Gobierno en la entidad; Benjam\u00edn Vargas Salazar, Fiscal Especializado en el Combate a la Corrupci\u00f3n; y del diputado federal Felipe Fernando Mac\u00edas Olvera.<\/p>\n\n\n\n<p>En este acto en el que estuvieron presentes la diputada Ana Paola L\u00f3pez Birlain; Rodrigo Mesa Jim\u00e9nez, secretario del Ayuntamiento del Municipio de El Marqu\u00e9s; Javier Rascado P\u00e9rez, presidente de la Defensor\u00eda de los Derechos Humanos de Quer\u00e9taro; el coordinador de Gabinete el municipio de Quer\u00e9taro, Miguel Antonio Parrodi Espinosa; el titular de la Notar\u00eda P\u00fablica N\u00famero 25 de la demarcaci\u00f3n notarial de Quer\u00e9taro, Jos\u00e9 Mar\u00eda Hern\u00e1ndez Ramos; as\u00ed como el titular de la Notar\u00eda P\u00fablica N\u00famero 49 de la misma demarcaci\u00f3n, Jos\u00e9 Alfredo Botello Aranda; el director estatal de Profesiones del estado de Quer\u00e9taro, Arturo Adolfo Vallejo Casanova; el secretario t\u00e9cnico de la Secretar\u00eda Ejecutiva del Sistema Estatal Anticorrupci\u00f3n, Jorge S\u00e1nchez Mart\u00ednez; el presidente de la Federaci\u00f3n de Colegios y Asociaciones de Profesionistas del Estado de Quer\u00e9taro, Ofir Arag\u00f3n Nieves; y Gustavo L\u00f3pez Acosta, comisionado estatal del Sistema Penitenciario de Quer\u00e9taro; el presidente de la Mesa Directiva, diputado Gerardo \u00c1ngeles, agradeci\u00f3 a la presidenta del Colegio de Abogados Litigantes de Quer\u00e9taro, Mayela Portos, por hacerlos parte de este gran evento; indic\u00f3 que su compromiso con la excelencia y la b\u00fasqueda constante de un impacto social positivo, han dejado huella en la comunidad jur\u00eddica de nuestro estado.<\/p>\n\n\n\n<p>Mencion\u00f3 que hoy se celebra un d\u00eda significativo en la historia de la abogac\u00eda de nuestro estado, ya que con m\u00e1s de 51 a\u00f1os de historia, el Colegio de Abogados Litigantes ha construido un legado de prestigio que merece ser reconocido, donde la unidad, ha sido un pilar fundamental en esta instituci\u00f3n; apunt\u00f3 que a lo largo de los a\u00f1os, este colegio no s\u00f3lo ha defendido los intereses de los abogados litigantes, sino que tambi\u00e9n ha demostrado un profundo compromiso con la sociedad queretana, dando diversos ejemplos de su contribuci\u00f3n al bienestar com\u00fan.<\/p>\n\n\n\n<p>\u201cQuer\u00e9taro es un estado donde la sociedad civil, los profesionistas y las autoridades trabajan juntos para garantizar que nadie quede rezagado y que todos los ciudadanos tengan acceso real a la justicia. Muestra de ello es la presentaci\u00f3n el d\u00eda de hoy del C\u00f3digo de \u00c9tica del Colegio de Abogados. Litigantes, dando con ello y cumpliendo la m\u00e1xima conocida que dice: el buen juez por su casa empieza. Este c\u00f3digo refleja los valores fundamentales de la abogac\u00eda, por ellos, reconozco y felicito al colegio por este gran esfuerzo que establece un precedente para los profesionistas en el estado de Quer\u00e9taro. Fortalecer los valores \u00e9ticos, entre las y los juristas es muestra de su compromiso con el estado; les extendemos nuestras m\u00e1s sinceras felicitaciones desde el Congreso del Estado por seguir contribuyendo al progreso e integridad de la comunidad legal queretana; que este c\u00f3digo sea una gu\u00eda para las futuras generaciones de abogados de nuestro estado\u201d, afirm\u00f3 el presidente de la Mesa Directiva, diputado Gerardo \u00c1ngeles Herrera.<\/p>\n\n\n\n<p>Al hacer uso de la voz, la presidenta del Colegio de Abogados Litigantes, Mayela Portos Hern\u00e1ndez, destac\u00f3 que hoy es un d\u00eda trascendental para la vida del Colegio de Abogados Litigantes de Quer\u00e9taro, por lo que es muy significativo que en este recinto de la Soberan\u00eda Democr\u00e1tica y en presencia de los representantes de los tres Poderes del Estado de Quer\u00e9taro, realicen la presentaci\u00f3n oficial del C\u00f3digo de \u00c9tica de su colegio, toda vez que advirti\u00f3, la funci\u00f3n social de la abogac\u00eda es garantizar el Estado de Derecho, la legalidad y el apego a los valores constitucionales. Apunt\u00f3 que la sociedad conf\u00eda en que quienes ejercen la profesi\u00f3n, lo hacen brind\u00e1ndoles certeza, confianza, apoyo y calidad.<\/p>\n\n\n\n<p>Mencion\u00f3 que su misi\u00f3n como colegio no se limita solamente a la protecci\u00f3n de los integrantes, sino que tambi\u00e9n debe hacerse cargo, de cara a la sociedad, de ofrecer una garant\u00eda de la efectividad de los servicios legales; indic\u00f3 que desde hace tiempo ha habido varios debates acerca de las formas en que debe asegurarse a la ciudadan\u00eda que los abogados ejerzan de manera digna la profesi\u00f3n y su trabajo est\u00e1 comprometido con las causas de justicia de sus clientes. Por lo que en una ola de vanguardia, afirm\u00f3, el Colegio de Abogados Litigantes se honra en presentar el C\u00f3digo de \u00c9tica, el cual representa un parteaguas fundamental en la historia del mismo, porque se erige como un colectivo de profesionales comprometidos con dignificar la abogac\u00eda y sujetarse a criterios objetivos que deben cumplirse a cabalidad.<\/p>\n\n\n\n<p>\u201cSe trata de un ordenamiento que prev\u00e9 principios, fines, valores, limitaciones, garant\u00edas y consecuencias, en caso de incumplimiento. Por lo tanto, se trata de un instrumento de gran importancia que garantiza a la ciudadan\u00eda contar con reglas claras acerca de lo que sus representantes jur\u00eddicos deben cumplir puntualmente. El C\u00f3digo contiene las obligaciones y responsabilidades que asumimos con compromiso y preparaci\u00f3n todos sus integrantes; comporta tambi\u00e9n una garant\u00eda de profesionalismo, diligencia, lealtad, probidad, confidencialidad y secreto profesional hacia las personas que son representadas. (\u2026) Queremos dejar constancia de que el C\u00f3digo de \u00c9tica ha sido el resultado de varios esfuerzos y colaboraci\u00f3n colectiva al interior de nuestro Colegio y tambi\u00e9n con la deferencia y apoyo de nuestras autoridades estatales. Adem\u00e1s, hemos tenido la fortuna de contar con expertos en la materia que con su tiempo y dedicaci\u00f3n ayudaron a los trabajos para su elaboraci\u00f3n, revisi\u00f3n y di\u00e1logo\u201d, asever\u00f3 Mayela Portos, presidenta del Colegio de Abogados Litigantes de Quer\u00e9taro.<\/p>\n\n\n\n<p>En su momento, el secretario de Gobierno, Carlos Alberto Alcaraz Guti\u00e9rrez, resalt\u00f3 que acciones como las que hoy son promovidas por el Colegio de Abogados Litigantes de Quer\u00e9taro, y de las cuales hoy son testigos de ello, mantienen a la entidad como un referente nacional en la pr\u00e1ctica jur\u00eddica, pero, sobre todo, con un cimiento fundamental para M\u00e9xico. \u201cEn nuestro pa\u00eds, impera la necesidad de consolidar un Estado de Derecho en el que, gozar de las garant\u00edas fundamentales, contar con instituciones s\u00f3lidas y eficaces, sea un ejercicio cotidiano y no la excepci\u00f3n. M\u00e9xico, solo puede aspirar a dicha condici\u00f3n si cuenta con un gremio de abogados profesional, independiente, respetuosos de la ley, pero, sobre todo, con la plena confianza de la sociedad por la garant\u00eda de su actuaci\u00f3n, el respaldo que le brinda la participaci\u00f3n colegiada y principalmente su \u00e9tica\u201d.<\/p>\n\n\n\n<p>El secretario de Gobierno del estado, manifest\u00f3 que la profesi\u00f3n del abogado es noble y la funci\u00f3n que cumple ante la sociedad es un elemento indispensable no solo para la impartici\u00f3n de justicia, sino para la debida articulaci\u00f3n entre el marco normativo y la certeza necesaria para la vida cotidiana, ya que como conocedores e int\u00e9rpretes de los derechos y obligaciones que la sociedad impone a sus integrantes, muestran, lo que es justo y lo que no lo es, gu\u00edan y sirven de escudo para una debida defensa ante cualquier arbitrariedad o acto de injusticia. \u201cSu labor es un fuerte contrapeso ante las entidades p\u00fablicas y los poderes f\u00e1cticos, de ah\u00ed, la importancia de la fuerza del Colegio de Abogados Litigantes, de ah\u00ed la importancia de las acciones que llevan a cabo para regularse e identificarse bajo los mismos preceptos legales, pero sobre todo \u00e9ticos\u201d.<\/p>\n\n\n\n<p>Carlos Alcaraz agreg\u00f3 que esta conducta se ve reflejada en importantes indicadores que le brindan a Quer\u00e9taro, identidad; y que en la misma tesitura, el gobernador Mauricio Kuri Gonz\u00e1lez ha impulsado acciones determinantes para mantener a la entidad en primer lugar del \u00edndice de Estado de Derecho, que elabora la Organizaci\u00f3n de la Sociedad Civil, World Justice Project. \u201cQuiero compartirles que al igual que ustedes, el gobernador Mauricio Kuri, impuls\u00f3 un ejercicio similar para el Poder Ejecutivo; por primera vez, adicional a las obligaciones legales propias de la actividad del gobierno, estableci\u00f3 un dec\u00e1logo para todos sus colaboradores en torno a las conductas indispensables para ejercer a plenitud, el encargo que nos ha sido conferido. Ese dec\u00e1logo, de manera puntual, establece conductas que deben regir en todo momento nuestro comportamiento, pero tambi\u00e9n refleja su compromiso con la ciudadan\u00eda, para poder ser emp\u00e1ticos, proactivos y sobre todo reflejar los valores institucionales y su visi\u00f3n, en torno al compromiso \u00e9tico que cada mujer y hombre que integran su gobierno, debe tener\u201d.<\/p>\n\n\n\n<p>Durante su participaci\u00f3n, la presidenta del Tribunal Superior de Justicia en el estado, Mariela Ponce Villa, expres\u00f3 que la \u00e9tica siempre ha sido motivo de reflexi\u00f3n filos\u00f3fica, desde el punto de vista de la ontolog\u00eda, la epistemolog\u00eda, la l\u00f3gica y la est\u00e9tica. Mencion\u00f3 que en los avances de la \u00e9tica, ya no solo de la meta\u00e9tica como estaba en un inicio, sino de la \u00e9tica normativa, que es lo que hoy los ocupa con estos c\u00f3digos de \u00e9tica y de conducta, deriva tambi\u00e9n todo el tema de la \u00e9tica aplicada.<\/p>\n\n\n\n<p>Refiri\u00f3 que en cuanto a la \u00e9tica normativa, se trata de regular a trav\u00e9s de disposiciones, de normas y de reglas, los valores que deben de guiar, en el caso aqu\u00ed presente, de los abogados; por ello, reconoci\u00f3 al presidente de la Mesa Directiva, Gerardo \u00c1ngeles, por esta iniciativa, ya que afirm\u00f3, este documento obliga no solamente a los abogados, sino tambi\u00e9n a los gobiernos, a los estados, para que promuevan y cuenten con los mejores profesionales en favor de las personas, y nos dice este documento que tanto el gobierno, las asociaciones de profesionistas y las instituciones de ense\u00f1anza deben de hacer todo, o deben velar para que los abogados tengan una debida formaci\u00f3n y preparaci\u00f3n, que se les inculque en la conciencia&nbsp; de los ideales y obligaciones \u00e9ticas del abogado de los derechos humanos y de las libertades fundamentales.<\/p>\n\n\n\n<p>\u201cEn en este marco, las y los felicito a todos ustedes por este gran paso que dan; &nbsp;el contar con un c\u00f3digo de \u00e9tica, no significa que antes no se era \u00e9tico, claro que no, la \u00e9tica es interna, es personal, es ser \u00edntegros en todo momento, como se dice incluso, cuando no nos ven, porque es la convicci\u00f3n de conducirnos siempre de esa forma; todos tenemos un c\u00f3digo interno de conducta, un c\u00f3digo interno de nuestros propios principios que nos gu\u00edan, pero estos c\u00f3digos de conducta son muy necesarios en esto que mencionaba hace un rato de la \u00e9tica aplicada. (\u2026) Tenemos que generar los mecanismos que den la certeza, la confianza, el que una persona conf\u00eda su patrimonio, su libertad, sus bienes, las cuestiones que tienen que ver con la familia, se le est\u00e1 confiando a un profesional del derecho, no solo porque tenga los conocimientos jur\u00eddicos, o porque tenga una c\u00e9dula profesional, sino porque adem\u00e1s se conduce con probidad, con un actuar \u00e9tico e \u00edntegro, y reflexionemos tambi\u00e9n mucho qu\u00e9 mensaje le estamos dando a las nuevas generaciones, como estamos formando con el ejemplo a estas nuevas generaciones\u201d, expres\u00f3 la magistrada Mariela Ponce.<\/p>\n\n\n\n<p>Al hacer uso de la voz, el titular de la Fiscal\u00eda Especializada en el Combate a la Corrupci\u00f3n, Benjam\u00edn Vargas mencion\u00f3 que los c\u00f3digos de \u00e9tica son instrumentos orientadores del comportamiento, y que en las instituciones del servicio p\u00fablico, es una obligaci\u00f3n, un mandato constitucional donde se establece que el gobierno descansa en la \u00e9tica, e incluso, todos los entes de la administraci\u00f3n p\u00fablica deben de contar con un c\u00f3digo de \u00e9tica, as\u00ed como con c\u00f3digos de conducta.<\/p>\n\n\n\n<p>\u201cPara quienes estamos en el servicio p\u00fablico, es un mandato constitucional; pero lo que aqu\u00ed tenemos es voluntad, (\u2026) pero a nivel local no tenemos un instrumento que los obliga tener este instrumento. Luego entonces reviente todav\u00eda mayor importancia, porque yo reconozco en Mayela su liderazgo, y por supuesto en todas las agremiadas y los agremiados, el que tengan esa voluntad de contar con este instrumento, y para m\u00ed yo lo veo as\u00ed, perm\u00edtanme expresarlo as\u00ed, esto es un mecanismo de prevenci\u00f3n de la corrupci\u00f3n. Si nosotros analizamos su contenido, nos vamos a dar cuenta, como bien lo expuso la doctora Mariela, trae principios muy puntuales de c\u00f3mo tiene que comportarse el abogado en esa relaci\u00f3n con los clientes y con los justiciables. La verdad yo me congratulo porque este instrumento contribuye al mismo fin, para el cual estamos todos reunidos, qu\u00e9 es lo que nosotros queremos al final del d\u00eda, tanto instituciones que estamos en la procuraci\u00f3n o administraci\u00f3n de justicia y ustedes como abogados, pues al final del d\u00eda queremos el acceso a la justicia para las personas, queremos que los justiciables obtengan eso, obtengan justicia\u201d, afirm\u00f3 e el titular de la Fiscal\u00eda Especializada en el Combate a la Corrupci\u00f3n.<\/p>\n\n\n\n<p>Finalmente, durante su intervenci\u00f3n, el diputado federal Felipe Fernando Mac\u00edas Olvera, lament\u00f3 que hoy en la sociedad, hay una desesperanza sobre los t\u00e9rminos y conceptos relacionado con la \u00e9tica; ya que apunt\u00f3, se ha llegado a la apat\u00eda, a la indiferencia, a la incredulidad, cuando se hablan de estos valores, por lo que el hecho de que el Colegio de Abogados Litigantes presente este C\u00f3digo de \u00c9tica, nos dice a todos, as\u00ed somos, as\u00ed trabajamos y as\u00ed nos desempe\u00f1amos.<\/p>\n\n\n\n<p>\u201cEs dar un paso adelante en la gran obligaci\u00f3n que hoy todos tenemos, que es la de fomentar la cultura de la legalidad, del respeto de las leyes, del respeto al Estado de Derecho, porque al final del d\u00eda, en la justicia reside el camino a la paz, reside el camino a la armon\u00eda y reside el camino a la gobernabilidad; no es ret\u00f3rica, como dec\u00eda Mayela, es la esencia de todos los d\u00edas, y la tenemos que asumir como tal, si vamos por la vida, nada m\u00e1s pensando en nuestra profesi\u00f3n como un negocio o como una empresa, o en el \u00e1mbito pol\u00edtico como un sentimiento electoral pol\u00edtico, pero se nos olvida lo b\u00e1sico y lo que nos puso aqu\u00ed en un inicio desde los que decidimos entrar a una Facultad de Derecho, o los que decidimos entrar a la pol\u00edtica, que es el servicio p\u00fablico, ver por la comunidad, ver por los dem\u00e1s, si se nos olvida eso ya vali\u00f3 absolutamente todo y el d\u00eda de ma\u00f1ana tambi\u00e9n nos quejemos si nuestra sociedad se pierde para siempre. Hoy las abogadas y los abogados en este pa\u00eds tienen una obligaci\u00f3n y responsabilidad social gigantesca, y la tenemos que asumir as\u00ed. Aqu\u00ed ustedes presentan su c\u00f3digo de \u00e9tica, no nada m\u00e1s en el \u00e1mbito procesal ante las autoridades judiciales, sino tambi\u00e9n el quehacer hacia sus clientes. (\u2026) Los abogados est\u00e1n trabajando con las emociones, con la estabilidad emocional , afectiva, intelectual, etc. de las personas, estamos hablando de su vida, y ya s\u00e9 que de ninguna manera se le puede obligar a un abogado o exigir un abogado como si estuviera exigiendo a un diputado o a un gobernante, pero la esencia es la misma, tienen en sus manos la vida de las personas, y por eso es que yo reconozco y celebro todo el empuje que ha dado el Colegio de Abogados Litigantes, a la sensibilidad social que implica la abogac\u00eda\u201d.<\/p>\n\n\n\n<p>Finalmente, se llev\u00f3 a cabo la entrega simb\u00f3lica de este nuevo C\u00f3digo de \u00c9tica del Colegio de Abogados Litigantes, encabezada por la magistrada Presidente del Poder Judicial del estado, Mariela Ponce, y la presidenta del gremio, Mayela Portos Hern\u00e1ndez.<\/p>\n","protected":false},"excerpt":{"rendered":"<p>Preside diputado Gerardo \u00c1ngeles Herrera, la Primera Sesi\u00f3n Ordinaria 2024 del Colegio de Abogados Litigantes de Quer\u00e9taro y la presentaci\u00f3n del nuevo C\u00f3digo de \u00c9tica Santiago de Quer\u00e9taro, Qro., 17 de enero de 2024.-&nbsp;El presidente de la Mesa Directiva en la LX Legislatura del Estado de Quer\u00e9taro, Luis Gerardo \u00c1ngeles [&hellip;]<\/p>\n","protected":false},"author":2,"featured_media":3285,"comment_status":"open","ping_status":"open","sticky":false,"template":"","format":"standard","meta":{"footnotes":""},"categories":[1],"tags":[],"class_list":["post-3284","post","type-post","status-publish","format-standard","has-post-thumbnail","hentry","category-sin-categoria"],"_links":{"self":[{"href":"https:\/\/telediarioqueretaro.co\/index.php?rest_route=\/wp\/v2\/posts\/3284","targetHints":{"allow":["GET"]}}],"collection":[{"href":"https:\/\/telediarioqueretaro.co\/index.php?rest_route=\/wp\/v2\/posts"}],"about":[{"href":"https:\/\/telediarioqueretaro.co\/index.php?rest_route=\/wp\/v2\/types\/post"}],"author":[{"embeddable":true,"href":"https:\/\/telediarioqueretaro.co\/index.php?rest_route=\/wp\/v2\/users\/2"}],"replies":[{"embeddable":true,"href":"https:\/\/telediarioqueretaro.co\/index.php?rest_route=%2Fwp%2Fv2%2Fcomments&post=3284"}],"version-history":[{"count":1,"href":"https:\/\/telediarioqueretaro.co\/index.php?rest_route=\/wp\/v2\/posts\/3284\/revisions"}],"predecessor-version":[{"id":3286,"href":"https:\/\/telediarioqueretaro.co\/index.php?rest_route=\/wp\/v2\/posts\/3284\/revisions\/3286"}],"wp:featuredmedia":[{"embeddable":true,"href":"https:\/\/telediarioqueretaro.co\/index.php?rest_route=\/wp\/v2\/media\/3285"}],"wp:attachment":[{"href":"https:\/\/telediarioqueretaro.co\/index.php?rest_route=%2Fwp%2Fv2%2Fmedia&parent=3284"}],"wp:term":[{"taxonomy":"category","embeddable":true,"href":"https:\/\/telediarioqueretaro.co\/index.php?rest_route=%2Fwp%2Fv2%2Fcategories&post=3284"},{"taxonomy":"post_tag","embeddable":true,"href":"https:\/\/telediarioqueretaro.co\/index.php?rest_route=%2Fwp%2Fv2%2Ftags&post=3284"}],"curies":[{"name":"wp","href":"https:\/\/api.w.org\/{rel}","templated":true}]}}