{"id":3424,"date":"2024-02-27T15:45:11","date_gmt":"2024-02-27T15:45:11","guid":{"rendered":"https:\/\/telediarioqueretaro.co\/?p=3424"},"modified":"2024-02-27T15:45:12","modified_gmt":"2024-02-27T15:45:12","slug":"como-obtener-empleo-en-amazon-web-services","status":"publish","type":"post","link":"https:\/\/telediarioqueretaro.co\/?p=3424","title":{"rendered":"C\u00f3mo obtener empleo en Amazon Web Services?"},"content":{"rendered":"\n<figure class=\"wp-block-image size-full\"><img loading=\"lazy\" decoding=\"async\" width=\"699\" height=\"447\" src=\"https:\/\/telediarioqueretaro.co\/wp-content\/uploads\/2024\/02\/image-16.png\" alt=\"\" class=\"wp-image-3425\" srcset=\"https:\/\/telediarioqueretaro.co\/wp-content\/uploads\/2024\/02\/image-16.png 699w, https:\/\/telediarioqueretaro.co\/wp-content\/uploads\/2024\/02\/image-16-300x192.png 300w\" sizes=\"auto, (max-width: 699px) 100vw, 699px\" \/><\/figure>\n\n\n\n<p>Amazon Web Services (AWS), empresa proveedora de la nube m\u00e1s completa y ampliamente adoptada del mundo, anunci\u00f3 la decisi\u00f3n de invertir cinco mil millones de d\u00f3lares para desarrollar en Quer\u00e9taro una Regi\u00f3n de Centro de Datos, la cual dar\u00e1 servicio a todo M\u00e9xico, para lo cual tom\u00f3 en cuenta la vocaci\u00f3n tecnol\u00f3gica que est\u00e1 desarrollando el estado, as\u00ed como su ubicaci\u00f3n estrat\u00e9gica.<\/p>\n\n\n\n<p>Durante el anuncio, realizado en la oficina central de Amazon M\u00e9xico, el gobernador, Mauricio Kuri Gonz\u00e1lez, sostuvo que este nuevo complejo, que es de los m\u00e1s innovadores y de mayor tecnolog\u00eda a nivel Latinoam\u00e9rica, es una muestra de que en Quer\u00e9taro, se trabaja para brindar certeza a las y los empresarios.<\/p>\n\n\n\n<p>\u201cEsta gran inversi\u00f3n que acaban de anunciar, que es hist\u00f3rica para el estado de Quer\u00e9taro, cinco mil millones de d\u00f3lares, es una gran inversi\u00f3n que sigue poniendo a Quer\u00e9taro como la referencia nacional en temas aeroespaciales, en temas tecnol\u00f3gicos, y ahora en temas de data centers\u201d, expres\u00f3.<\/p>\n\n\n\n<p>En su mensaje, Kuri Gonz\u00e1lez reiter\u00f3 el compromiso de que en Quer\u00e9taro las empresas siempre contar\u00e1n con el acompa\u00f1amiento de las autoridades, pues si a la industria le va bien, al estado tambi\u00e9n le va bien. Ah\u00ed destac\u00f3 que cada vez que llega una inversi\u00f3n se generan nuevas oportunidades a quienes encuentran en la entidad una oportunidad para mejorar su calidad de vida.<\/p>\n\n\n\n<p>En su oportunidad, el director General de Amazon Web Services M\u00e9xico, Rub\u00e9n Mug\u00e1rtegui, explic\u00f3 que el proyecto anunciado corresponde a infraestructura tecnol\u00f3gica que permite que todo tipo de organizaciones, como start ups &nbsp;a multinacionales del sector p\u00fablico y privado accedan a la tecnolog\u00eda m\u00e1s avanzada que est\u00e1 transformando el mundo.<\/p>\n\n\n\n<p>Afirm\u00f3 que de esta manera se fortalece la presencia local para brindar la tecnolog\u00eda m\u00e1s avanzada, segura y confiable, y que el despliegue de infraestructura de centros de datos es clave para desbloquear el potencial innovador y la competitividad de M\u00e9xico.<\/p>\n\n\n\n<p>\u201cLa Regi\u00f3n de Amazon Web Services en M\u00e9xico estar\u00e1 ubicada en el estado de Quer\u00e9taro, y permitir\u00e1 que los clientes con preferencias, con requisitos de residencia de datos los puedan almacenar datos de manera segura a nivel local&nbsp;y&nbsp;podr\u00e1 satisfacer la creciente demanda de servicios de la nube no solo en M\u00e9xico, sino en toda Am\u00e9rica Latina\u201d, precis\u00f3.<\/p>\n\n\n\n<p>Rub\u00e9n Mug\u00e1rtegui sostuvo que el anuncio refleja el compromiso de largo plazo para que los clientes de AWS accedan a las mejores tecnolog\u00edas., pues record\u00f3 que la nube es un aliado estrat\u00e9gico para que m\u00e1s organizaciones reduzcan costos, sean m\u00e1s seguras, sostenibles y participen en la econom\u00eda digital, contribuyendo al desarrollo econ\u00f3mico, social y ambiental.<\/p>\n\n\n\n<h3 class=\"wp-block-heading\">\u00bfC\u00f3mo ser\u00e1 el proyecto?<\/h3>\n\n\n\n<p>\u201cLa nueva Regi\u00f3n de AWS constar\u00e1 de tres zonas de disponibilidad en el momento de su lanzamiento. Estas se sumar\u00e1n a las 105 zonas de disponibilidad de AWS existentes alrededor de 33 regiones geogr\u00e1ficas en el mundo. Una zona de disponibilidad est\u00e1 compuesta por uno o m\u00e1s centros de datos, y en M\u00e9xico tendremos por lo menos tres inicialmente\u201d, explic\u00f3.<\/p>\n\n\n\n<p>Tambi\u00e9n el vicepresidente de Pol\u00edtica P\u00fablica para las Am\u00e9ricas de Amazon Web Services EE.UU., Shannon Kellogg, celebr\u00f3 que esta inversi\u00f3n de cinco mil millones de d\u00f3lares transformar\u00e1 las oportunidades para personas y empresas, expandiendo el acceso a tecnolog\u00eda digital, y en particular en materia de conexi\u00f3n con la nube.<\/p>\n\n\n\n<h3 class=\"wp-block-heading\">Esto dijeron las autoridades federales<\/h3>\n\n\n\n<p>En su oportunidad, la secretaria de Econom\u00eda, Raquel Buenrostro S\u00e1nchez, afirm\u00f3 que el mundo vive un cambio de paradigma ocasionado por la relocalizaci\u00f3n, y que actualmente M\u00e9xico est\u00e1 considerado como uno de los principales destinos de inversi\u00f3n del mundo, lo cual anticipa un futuro prometedor.<\/p>\n\n\n\n<p>Comparti\u00f3 que en 2023 la Inversi\u00f3n Extranjera Directa&nbsp;alcanz\u00f3 m\u00e1s de 36 mil mdd, y que se tienen identificados 378 anuncios de inversi\u00f3n, con una expectativa de m\u00e1s de 110 mil mdd, a concretarse en los pr\u00f3ximos a\u00f1os.<\/p>\n\n\n\n<p>Adicionalmente, el coordinador de Estrategia Digital Nacional de la CONAHCYT, Carlos Emiliano Calder\u00f3n Mercado, resalt\u00f3 que esta inversi\u00f3n es resultado del fruto de la estrecha colaboraci\u00f3n con Gobierno de M\u00e9xico y es de vital importancia para la transformaci\u00f3n digital del pa\u00eds.<\/p>\n","protected":false},"excerpt":{"rendered":"<p>Amazon Web Services (AWS), empresa proveedora de la nube m\u00e1s completa y ampliamente adoptada del mundo, anunci\u00f3 la decisi\u00f3n de invertir cinco mil millones de d\u00f3lares para desarrollar en Quer\u00e9taro una Regi\u00f3n de Centro de Datos, la cual dar\u00e1 servicio a todo M\u00e9xico, para lo cual tom\u00f3 en cuenta la [&hellip;]<\/p>\n","protected":false},"author":2,"featured_media":3425,"comment_status":"open","ping_status":"open","sticky":false,"template":"","format":"standard","meta":{"footnotes":""},"categories":[1],"tags":[],"class_list":["post-3424","post","type-post","status-publish","format-standard","has-post-thumbnail","hentry","category-sin-categoria"],"_links":{"self":[{"href":"https:\/\/telediarioqueretaro.co\/index.php?rest_route=\/wp\/v2\/posts\/3424","targetHints":{"allow":["GET"]}}],"collection":[{"href":"https:\/\/telediarioqueretaro.co\/index.php?rest_route=\/wp\/v2\/posts"}],"about":[{"href":"https:\/\/telediarioqueretaro.co\/index.php?rest_route=\/wp\/v2\/types\/post"}],"author":[{"embeddable":true,"href":"https:\/\/telediarioqueretaro.co\/index.php?rest_route=\/wp\/v2\/users\/2"}],"replies":[{"embeddable":true,"href":"https:\/\/telediarioqueretaro.co\/index.php?rest_route=%2Fwp%2Fv2%2Fcomments&post=3424"}],"version-history":[{"count":1,"href":"https:\/\/telediarioqueretaro.co\/index.php?rest_route=\/wp\/v2\/posts\/3424\/revisions"}],"predecessor-version":[{"id":3426,"href":"https:\/\/telediarioqueretaro.co\/index.php?rest_route=\/wp\/v2\/posts\/3424\/revisions\/3426"}],"wp:featuredmedia":[{"embeddable":true,"href":"https:\/\/telediarioqueretaro.co\/index.php?rest_route=\/wp\/v2\/media\/3425"}],"wp:attachment":[{"href":"https:\/\/telediarioqueretaro.co\/index.php?rest_route=%2Fwp%2Fv2%2Fmedia&parent=3424"}],"wp:term":[{"taxonomy":"category","embeddable":true,"href":"https:\/\/telediarioqueretaro.co\/index.php?rest_route=%2Fwp%2Fv2%2Fcategories&post=3424"},{"taxonomy":"post_tag","embeddable":true,"href":"https:\/\/telediarioqueretaro.co\/index.php?rest_route=%2Fwp%2Fv2%2Ftags&post=3424"}],"curies":[{"name":"wp","href":"https:\/\/api.w.org\/{rel}","templated":true}]}}