{"id":3452,"date":"2024-02-28T13:39:26","date_gmt":"2024-02-28T13:39:26","guid":{"rendered":"https:\/\/telediarioqueretaro.co\/?p=3452"},"modified":"2024-02-28T13:39:27","modified_gmt":"2024-02-28T13:39:27","slug":"oficiales-de-movilidad-seguiran-en-5-de-febrero","status":"publish","type":"post","link":"https:\/\/telediarioqueretaro.co\/?p=3452","title":{"rendered":"Oficiales de movilidad seguir\u00e1n en 5 de febrero"},"content":{"rendered":"\n<figure class=\"wp-block-image size-full\"><img loading=\"lazy\" decoding=\"async\" width=\"755\" height=\"391\" src=\"https:\/\/telediarioqueretaro.co\/wp-content\/uploads\/2024\/02\/image-21.png\" alt=\"\" class=\"wp-image-3453\" srcset=\"https:\/\/telediarioqueretaro.co\/wp-content\/uploads\/2024\/02\/image-21.png 755w, https:\/\/telediarioqueretaro.co\/wp-content\/uploads\/2024\/02\/image-21-300x155.png 300w\" sizes=\"auto, (max-width: 755px) 100vw, 755px\" \/><\/figure>\n\n\n\n<p>Si bien el nuevo carril confinado de 5 de febrero esta pensado para una circulaci\u00f3n segura del transporte p\u00fablico, no deja de ser una novedad para esta avenida, por lo que el riesgo de accidentes siempre es constante.<\/p>\n\n\n\n<p>Debido a esto, m\u00e1s de 90 oficiales de movilidad se mantendr\u00e1n trabajando sobre la vialidad, especialmente cerca de las nuevas estaciones de Qrobus, para apoyar tanto a automovilistas como a peatones.<\/p>\n\n\n\n<p>Adem\u00e1s las unidades de Qrobus que circulen por la zona tambi\u00e9n deber\u00e1n apoyarse de estos oficiales, debido a que a\u00fan no se instalan los sem\u00e1foros y la se\u00f1al\u00e9tica vial en los cruces de las paradas.<\/p>\n\n\n\n<p>La Secretar\u00eda de Movilidad di\u00f3 a conocer que todo est\u00e9 personal se mantendr\u00e1 trabajando en 5 de febrero hasta que la obra este terminada, para despu\u00e9s cubrir otras vialidades que requieran de m\u00e1s vigilancia.<\/p>\n\n\n\n<p>Si a\u00fan debes caminar, pedalear o circular con tu veh\u00edculo por 5 de febrero recuerda seguir las indicaciones de estos oficiales que est\u00e1n para prevenir cualquier riesgo.<\/p>\n","protected":false},"excerpt":{"rendered":"<p>Si bien el nuevo carril confinado de 5 de febrero esta pensado para una circulaci\u00f3n segura del transporte p\u00fablico, no deja de ser una novedad para esta avenida, por lo que el riesgo de accidentes siempre es constante. Debido a esto, m\u00e1s de 90 oficiales de movilidad se mantendr\u00e1n trabajando [&hellip;]<\/p>\n","protected":false},"author":2,"featured_media":3453,"comment_status":"open","ping_status":"open","sticky":false,"template":"","format":"standard","meta":{"footnotes":""},"categories":[1],"tags":[],"class_list":["post-3452","post","type-post","status-publish","format-standard","has-post-thumbnail","hentry","category-sin-categoria"],"_links":{"self":[{"href":"https:\/\/telediarioqueretaro.co\/index.php?rest_route=\/wp\/v2\/posts\/3452","targetHints":{"allow":["GET"]}}],"collection":[{"href":"https:\/\/telediarioqueretaro.co\/index.php?rest_route=\/wp\/v2\/posts"}],"about":[{"href":"https:\/\/telediarioqueretaro.co\/index.php?rest_route=\/wp\/v2\/types\/post"}],"author":[{"embeddable":true,"href":"https:\/\/telediarioqueretaro.co\/index.php?rest_route=\/wp\/v2\/users\/2"}],"replies":[{"embeddable":true,"href":"https:\/\/telediarioqueretaro.co\/index.php?rest_route=%2Fwp%2Fv2%2Fcomments&post=3452"}],"version-history":[{"count":1,"href":"https:\/\/telediarioqueretaro.co\/index.php?rest_route=\/wp\/v2\/posts\/3452\/revisions"}],"predecessor-version":[{"id":3454,"href":"https:\/\/telediarioqueretaro.co\/index.php?rest_route=\/wp\/v2\/posts\/3452\/revisions\/3454"}],"wp:featuredmedia":[{"embeddable":true,"href":"https:\/\/telediarioqueretaro.co\/index.php?rest_route=\/wp\/v2\/media\/3453"}],"wp:attachment":[{"href":"https:\/\/telediarioqueretaro.co\/index.php?rest_route=%2Fwp%2Fv2%2Fmedia&parent=3452"}],"wp:term":[{"taxonomy":"category","embeddable":true,"href":"https:\/\/telediarioqueretaro.co\/index.php?rest_route=%2Fwp%2Fv2%2Fcategories&post=3452"},{"taxonomy":"post_tag","embeddable":true,"href":"https:\/\/telediarioqueretaro.co\/index.php?rest_route=%2Fwp%2Fv2%2Ftags&post=3452"}],"curies":[{"name":"wp","href":"https:\/\/api.w.org\/{rel}","templated":true}]}}