{"id":3482,"date":"2024-03-04T14:05:41","date_gmt":"2024-03-04T14:05:41","guid":{"rendered":"https:\/\/telediarioqueretaro.co\/?p=3482"},"modified":"2024-03-04T14:05:41","modified_gmt":"2024-03-04T14:05:41","slug":"controlado-el-incendio-de-cadereyta-pc","status":"publish","type":"post","link":"https:\/\/telediarioqueretaro.co\/?p=3482","title":{"rendered":"Controlado el incendio de Cadereyta: PC"},"content":{"rendered":"\n<figure class=\"wp-block-image size-full\"><img loading=\"lazy\" decoding=\"async\" width=\"681\" height=\"368\" src=\"https:\/\/telediarioqueretaro.co\/wp-content\/uploads\/2024\/03\/image-4.png\" alt=\"\" class=\"wp-image-3483\" srcset=\"https:\/\/telediarioqueretaro.co\/wp-content\/uploads\/2024\/03\/image-4.png 681w, https:\/\/telediarioqueretaro.co\/wp-content\/uploads\/2024\/03\/image-4-300x162.png 300w\" sizes=\"auto, (max-width: 681px) 100vw, 681px\" \/><\/figure>\n\n\n\n<p>Javier Amaya Torres, Coordinador Estatal de Protecci\u00f3n Civil, report\u00f3 que ya qued\u00f3 extinguido el incendio forestal que se registr\u00f3 en la comunidad El Tepozan, municipio de Cadereyta de Montes.<\/p>\n\n\n\n<p>Refiri\u00f3 que este siniestro dej\u00f3 como saldo 40 hect\u00e1reas de vegetaci\u00f3n quemadas y una vivienda afectada en el 30 por ciento del patio exterior, pero por la radiaci\u00f3n, no por fuego activo.<\/p>\n\n\n\n<p>Aunado a ello, mencion\u00f3 que todas las personas que hab\u00edan sido desalojadas ya est\u00e1n de regreso en sus viviendas, pues no presentan da\u00f1os estructurales.<\/p>\n\n\n\n<p>Javier Amaya, report\u00f3 que a dos d\u00edas de trabajo se concluyen los trabajos por parte de la coordinaci\u00f3n estatal en conjunto con otras dependencias, en donde participaron 100 elementos y m\u00e1s de 80 personas voluntarias, habitantes de la regi\u00f3n.<\/p>\n","protected":false},"excerpt":{"rendered":"<p>Javier Amaya Torres, Coordinador Estatal de Protecci\u00f3n Civil, report\u00f3 que ya qued\u00f3 extinguido el incendio forestal que se registr\u00f3 en la comunidad El Tepozan, municipio de Cadereyta de Montes. Refiri\u00f3 que este siniestro dej\u00f3 como saldo 40 hect\u00e1reas de vegetaci\u00f3n quemadas y una vivienda afectada en el 30 por ciento [&hellip;]<\/p>\n","protected":false},"author":2,"featured_media":0,"comment_status":"open","ping_status":"open","sticky":false,"template":"","format":"standard","meta":{"footnotes":""},"categories":[1],"tags":[],"class_list":["post-3482","post","type-post","status-publish","format-standard","hentry","category-sin-categoria"],"_links":{"self":[{"href":"https:\/\/telediarioqueretaro.co\/index.php?rest_route=\/wp\/v2\/posts\/3482","targetHints":{"allow":["GET"]}}],"collection":[{"href":"https:\/\/telediarioqueretaro.co\/index.php?rest_route=\/wp\/v2\/posts"}],"about":[{"href":"https:\/\/telediarioqueretaro.co\/index.php?rest_route=\/wp\/v2\/types\/post"}],"author":[{"embeddable":true,"href":"https:\/\/telediarioqueretaro.co\/index.php?rest_route=\/wp\/v2\/users\/2"}],"replies":[{"embeddable":true,"href":"https:\/\/telediarioqueretaro.co\/index.php?rest_route=%2Fwp%2Fv2%2Fcomments&post=3482"}],"version-history":[{"count":1,"href":"https:\/\/telediarioqueretaro.co\/index.php?rest_route=\/wp\/v2\/posts\/3482\/revisions"}],"predecessor-version":[{"id":3484,"href":"https:\/\/telediarioqueretaro.co\/index.php?rest_route=\/wp\/v2\/posts\/3482\/revisions\/3484"}],"wp:attachment":[{"href":"https:\/\/telediarioqueretaro.co\/index.php?rest_route=%2Fwp%2Fv2%2Fmedia&parent=3482"}],"wp:term":[{"taxonomy":"category","embeddable":true,"href":"https:\/\/telediarioqueretaro.co\/index.php?rest_route=%2Fwp%2Fv2%2Fcategories&post=3482"},{"taxonomy":"post_tag","embeddable":true,"href":"https:\/\/telediarioqueretaro.co\/index.php?rest_route=%2Fwp%2Fv2%2Ftags&post=3482"}],"curies":[{"name":"wp","href":"https:\/\/api.w.org\/{rel}","templated":true}]}}