{"id":3561,"date":"2024-03-14T13:36:57","date_gmt":"2024-03-14T13:36:57","guid":{"rendered":"https:\/\/telediarioqueretaro.co\/?p=3561"},"modified":"2024-03-14T13:36:57","modified_gmt":"2024-03-14T13:36:57","slug":"empresarios-le-tienen-miedo-a-mas-apagones","status":"publish","type":"post","link":"https:\/\/telediarioqueretaro.co\/?p=3561","title":{"rendered":"Empresarios le tienen miedo a m\u00e1s apagones"},"content":{"rendered":"\n<figure class=\"wp-block-image size-full\"><img loading=\"lazy\" decoding=\"async\" width=\"732\" height=\"417\" src=\"https:\/\/telediarioqueretaro.co\/wp-content\/uploads\/2024\/03\/image-28.png\" alt=\"\" class=\"wp-image-3562\" srcset=\"https:\/\/telediarioqueretaro.co\/wp-content\/uploads\/2024\/03\/image-28.png 732w, https:\/\/telediarioqueretaro.co\/wp-content\/uploads\/2024\/03\/image-28-300x171.png 300w\" sizes=\"auto, (max-width: 732px) 100vw, 732px\" \/><\/figure>\n\n\n\n<p>Durante la temporada de calor del a\u00f1o pasado, adem\u00e1s de las altas temperaturas, tambi\u00e9n fueron constantes los cortes de luz en Quer\u00e9taro por el excesivo uso de refrigeradores, ventiladores y aires acondicionados.<\/p>\n\n\n\n<p>La Comisi\u00f3n Federal de Electricidad se vio rebasada por la alta demanda, lo que provoc\u00f3 un llamado \u201cestr\u00e9s\u201d del servicio el\u00e9ctrico y \u00a1pum!, el resultado fueron colonias con d\u00edas enteros sin servicio.<\/p>\n\n\n\n<p>C\u00f3mo m\u00e1s vale prevenir que lamentar, el sector empresarial ya est\u00e1 en pl\u00e1ticas con la CFE para conocer la capacidad con la que cuenta est\u00e1 empresa para brindar el servicio y que m\u00ednimo les avisen en caso de que sea necesario bajar el switch.<\/p>\n\n\n\n<p><a href=\"https:\/\/corregidora.gob.mx\/portal\/\" class=\"\" target=\"_blank\" rel=\"noreferrer noopener\"><\/a><\/p>\n\n\n\n<p>Particularmente para tiendas y restaurantes es muy preocupante un corte de luz, porque sus refrigeradores pueden dejar de funcionar y toda la comida puede echarse a perder en pocas horas por el calor.<\/p>\n\n\n\n<p>De esta manera, la idea es que todo lo que pueda echarse a perder pueda ser trasladado r\u00e1pidamente a hieleras, adem\u00e1s de cerrar cuentas en caso de que algunos cobros no se puedan hacer.<\/p>\n","protected":false},"excerpt":{"rendered":"<p>Durante la temporada de calor del a\u00f1o pasado, adem\u00e1s de las altas temperaturas, tambi\u00e9n fueron constantes los cortes de luz en Quer\u00e9taro por el excesivo uso de refrigeradores, ventiladores y aires acondicionados. La Comisi\u00f3n Federal de Electricidad se vio rebasada por la alta demanda, lo que provoc\u00f3 un llamado \u201cestr\u00e9s\u201d [&hellip;]<\/p>\n","protected":false},"author":2,"featured_media":3562,"comment_status":"open","ping_status":"open","sticky":false,"template":"","format":"standard","meta":{"footnotes":""},"categories":[1],"tags":[],"class_list":["post-3561","post","type-post","status-publish","format-standard","has-post-thumbnail","hentry","category-sin-categoria"],"_links":{"self":[{"href":"https:\/\/telediarioqueretaro.co\/index.php?rest_route=\/wp\/v2\/posts\/3561","targetHints":{"allow":["GET"]}}],"collection":[{"href":"https:\/\/telediarioqueretaro.co\/index.php?rest_route=\/wp\/v2\/posts"}],"about":[{"href":"https:\/\/telediarioqueretaro.co\/index.php?rest_route=\/wp\/v2\/types\/post"}],"author":[{"embeddable":true,"href":"https:\/\/telediarioqueretaro.co\/index.php?rest_route=\/wp\/v2\/users\/2"}],"replies":[{"embeddable":true,"href":"https:\/\/telediarioqueretaro.co\/index.php?rest_route=%2Fwp%2Fv2%2Fcomments&post=3561"}],"version-history":[{"count":1,"href":"https:\/\/telediarioqueretaro.co\/index.php?rest_route=\/wp\/v2\/posts\/3561\/revisions"}],"predecessor-version":[{"id":3563,"href":"https:\/\/telediarioqueretaro.co\/index.php?rest_route=\/wp\/v2\/posts\/3561\/revisions\/3563"}],"wp:featuredmedia":[{"embeddable":true,"href":"https:\/\/telediarioqueretaro.co\/index.php?rest_route=\/wp\/v2\/media\/3562"}],"wp:attachment":[{"href":"https:\/\/telediarioqueretaro.co\/index.php?rest_route=%2Fwp%2Fv2%2Fmedia&parent=3561"}],"wp:term":[{"taxonomy":"category","embeddable":true,"href":"https:\/\/telediarioqueretaro.co\/index.php?rest_route=%2Fwp%2Fv2%2Fcategories&post=3561"},{"taxonomy":"post_tag","embeddable":true,"href":"https:\/\/telediarioqueretaro.co\/index.php?rest_route=%2Fwp%2Fv2%2Ftags&post=3561"}],"curies":[{"name":"wp","href":"https:\/\/api.w.org\/{rel}","templated":true}]}}