{"id":3564,"date":"2024-03-14T13:38:05","date_gmt":"2024-03-14T13:38:05","guid":{"rendered":"https:\/\/telediarioqueretaro.co\/?p=3564"},"modified":"2024-03-14T13:38:05","modified_gmt":"2024-03-14T13:38:05","slug":"ya-son-300-mujeres-operadoras-del-qrobus","status":"publish","type":"post","link":"https:\/\/telediarioqueretaro.co\/?p=3564","title":{"rendered":"Ya son 300 mujeres operadoras del QroB\u00fas"},"content":{"rendered":"\n<figure class=\"wp-block-image size-full\"><img loading=\"lazy\" decoding=\"async\" width=\"676\" height=\"463\" src=\"https:\/\/telediarioqueretaro.co\/wp-content\/uploads\/2024\/03\/image-29.png\" alt=\"\" class=\"wp-image-3565\" srcset=\"https:\/\/telediarioqueretaro.co\/wp-content\/uploads\/2024\/03\/image-29.png 676w, https:\/\/telediarioqueretaro.co\/wp-content\/uploads\/2024\/03\/image-29-300x205.png 300w\" sizes=\"auto, (max-width: 676px) 100vw, 676px\" \/><\/figure>\n\n\n\n<p>La titular de la Secretar\u00eda del Trabajo, Liliana San Mart\u00edn Castillo, inform\u00f3 que 300 mujeres ya conducen las unidades del QroB\u00fas en la zona metropolitana.<\/p>\n\n\n\n<p>\u201cTenemos 300 mujeres que han concluido su capacitaci\u00f3n y est\u00e1n incluidas en la AMEQ conduciendo unidades\u201d, sostuvo.<\/p>\n\n\n\n<p>Precis\u00f3 que las mujeres fueron incluidas por la Agencia de Movilidad del Estado de Quer\u00e9taro (AMEQ), tras haber recibido la capacitaci\u00f3n correspondiente.<\/p>\n\n\n\n<p><a href=\"https:\/\/corregidora.gob.mx\/portal\/\" class=\"\" target=\"_blank\" rel=\"noreferrer noopener\"><\/a><\/p>\n\n\n\n<p>Reiter\u00f3 que el objetivo es incorporar a m\u00e1s mujeres a este nuevo sistema de movilidad, pues la meta es equilibrar la balanza en este tema de la conducci\u00f3n de unidades del transporte p\u00fablico.<\/p>\n","protected":false},"excerpt":{"rendered":"<p>La titular de la Secretar\u00eda del Trabajo, Liliana San Mart\u00edn Castillo, inform\u00f3 que 300 mujeres ya conducen las unidades del QroB\u00fas en la zona metropolitana. \u201cTenemos 300 mujeres que han concluido su capacitaci\u00f3n y est\u00e1n incluidas en la AMEQ conduciendo unidades\u201d, sostuvo. Precis\u00f3 que las mujeres fueron incluidas por la [&hellip;]<\/p>\n","protected":false},"author":2,"featured_media":3565,"comment_status":"open","ping_status":"open","sticky":false,"template":"","format":"standard","meta":{"footnotes":""},"categories":[1],"tags":[],"class_list":["post-3564","post","type-post","status-publish","format-standard","has-post-thumbnail","hentry","category-sin-categoria"],"_links":{"self":[{"href":"https:\/\/telediarioqueretaro.co\/index.php?rest_route=\/wp\/v2\/posts\/3564","targetHints":{"allow":["GET"]}}],"collection":[{"href":"https:\/\/telediarioqueretaro.co\/index.php?rest_route=\/wp\/v2\/posts"}],"about":[{"href":"https:\/\/telediarioqueretaro.co\/index.php?rest_route=\/wp\/v2\/types\/post"}],"author":[{"embeddable":true,"href":"https:\/\/telediarioqueretaro.co\/index.php?rest_route=\/wp\/v2\/users\/2"}],"replies":[{"embeddable":true,"href":"https:\/\/telediarioqueretaro.co\/index.php?rest_route=%2Fwp%2Fv2%2Fcomments&post=3564"}],"version-history":[{"count":1,"href":"https:\/\/telediarioqueretaro.co\/index.php?rest_route=\/wp\/v2\/posts\/3564\/revisions"}],"predecessor-version":[{"id":3566,"href":"https:\/\/telediarioqueretaro.co\/index.php?rest_route=\/wp\/v2\/posts\/3564\/revisions\/3566"}],"wp:featuredmedia":[{"embeddable":true,"href":"https:\/\/telediarioqueretaro.co\/index.php?rest_route=\/wp\/v2\/media\/3565"}],"wp:attachment":[{"href":"https:\/\/telediarioqueretaro.co\/index.php?rest_route=%2Fwp%2Fv2%2Fmedia&parent=3564"}],"wp:term":[{"taxonomy":"category","embeddable":true,"href":"https:\/\/telediarioqueretaro.co\/index.php?rest_route=%2Fwp%2Fv2%2Fcategories&post=3564"},{"taxonomy":"post_tag","embeddable":true,"href":"https:\/\/telediarioqueretaro.co\/index.php?rest_route=%2Fwp%2Fv2%2Ftags&post=3564"}],"curies":[{"name":"wp","href":"https:\/\/api.w.org\/{rel}","templated":true}]}}