{"id":3568,"date":"2024-03-14T13:39:36","date_gmt":"2024-03-14T13:39:36","guid":{"rendered":"https:\/\/telediarioqueretaro.co\/?p=3568"},"modified":"2024-03-14T13:39:36","modified_gmt":"2024-03-14T13:39:36","slug":"esta-es-la-condena-que-recibira-el-feminicida-de-carrillo-puerto","status":"publish","type":"post","link":"https:\/\/telediarioqueretaro.co\/?p=3568","title":{"rendered":"Est\u00e1 es la condena que recibir\u00e1 el feminicida de Carrillo Puerto"},"content":{"rendered":"\n<figure class=\"wp-block-image size-full\"><img loading=\"lazy\" decoding=\"async\" width=\"577\" height=\"399\" src=\"https:\/\/telediarioqueretaro.co\/wp-content\/uploads\/2024\/03\/image-30.png\" alt=\"\" class=\"wp-image-3569\" srcset=\"https:\/\/telediarioqueretaro.co\/wp-content\/uploads\/2024\/03\/image-30.png 577w, https:\/\/telediarioqueretaro.co\/wp-content\/uploads\/2024\/03\/image-30-300x207.png 300w\" sizes=\"auto, (max-width: 577px) 100vw, 577px\" \/><\/figure>\n\n\n\n<p>El sujeto que asesin\u00f3 a su pareja en Carrillo Puerto el pasado 9 de marzo del 2023, recibi\u00f3 una sentencia condenatoria de 22 a\u00f1os de c\u00e1rcel.<\/p>\n\n\n\n<p>Mariela Ponce Villa, Magistrada Presidenta del Tribunal Superior de Justicia, inform\u00f3 que el sujeto se cometi\u00f3 a un procedimiento abreviado por el delito de feminicidio.<\/p>\n\n\n\n<p>Adem\u00e1s, mencion\u00f3 que tuvo que pagar una multa de m\u00e1s de 69 mil pesos.<\/p>\n\n\n\n<p><a href=\"https:\/\/corregidora.gob.mx\/portal\/\" class=\"\" target=\"_blank\" rel=\"noreferrer noopener\"><\/a><\/p>\n\n\n\n<p>Aunado a ello, se\u00f1al\u00f3 que se le impuso una reparaci\u00f3n del da\u00f1o por una cantidad de 600 mil pesos.<\/p>\n","protected":false},"excerpt":{"rendered":"<p>El sujeto que asesin\u00f3 a su pareja en Carrillo Puerto el pasado 9 de marzo del 2023, recibi\u00f3 una sentencia condenatoria de 22 a\u00f1os de c\u00e1rcel. Mariela Ponce Villa, Magistrada Presidenta del Tribunal Superior de Justicia, inform\u00f3 que el sujeto se cometi\u00f3 a un procedimiento abreviado por el delito de [&hellip;]<\/p>\n","protected":false},"author":2,"featured_media":3569,"comment_status":"open","ping_status":"open","sticky":false,"template":"","format":"standard","meta":{"footnotes":""},"categories":[1],"tags":[],"class_list":["post-3568","post","type-post","status-publish","format-standard","has-post-thumbnail","hentry","category-sin-categoria"],"_links":{"self":[{"href":"https:\/\/telediarioqueretaro.co\/index.php?rest_route=\/wp\/v2\/posts\/3568","targetHints":{"allow":["GET"]}}],"collection":[{"href":"https:\/\/telediarioqueretaro.co\/index.php?rest_route=\/wp\/v2\/posts"}],"about":[{"href":"https:\/\/telediarioqueretaro.co\/index.php?rest_route=\/wp\/v2\/types\/post"}],"author":[{"embeddable":true,"href":"https:\/\/telediarioqueretaro.co\/index.php?rest_route=\/wp\/v2\/users\/2"}],"replies":[{"embeddable":true,"href":"https:\/\/telediarioqueretaro.co\/index.php?rest_route=%2Fwp%2Fv2%2Fcomments&post=3568"}],"version-history":[{"count":1,"href":"https:\/\/telediarioqueretaro.co\/index.php?rest_route=\/wp\/v2\/posts\/3568\/revisions"}],"predecessor-version":[{"id":3570,"href":"https:\/\/telediarioqueretaro.co\/index.php?rest_route=\/wp\/v2\/posts\/3568\/revisions\/3570"}],"wp:featuredmedia":[{"embeddable":true,"href":"https:\/\/telediarioqueretaro.co\/index.php?rest_route=\/wp\/v2\/media\/3569"}],"wp:attachment":[{"href":"https:\/\/telediarioqueretaro.co\/index.php?rest_route=%2Fwp%2Fv2%2Fmedia&parent=3568"}],"wp:term":[{"taxonomy":"category","embeddable":true,"href":"https:\/\/telediarioqueretaro.co\/index.php?rest_route=%2Fwp%2Fv2%2Fcategories&post=3568"},{"taxonomy":"post_tag","embeddable":true,"href":"https:\/\/telediarioqueretaro.co\/index.php?rest_route=%2Fwp%2Fv2%2Ftags&post=3568"}],"curies":[{"name":"wp","href":"https:\/\/api.w.org\/{rel}","templated":true}]}}