{"id":3595,"date":"2024-03-19T13:17:39","date_gmt":"2024-03-19T13:17:39","guid":{"rendered":"https:\/\/telediarioqueretaro.co\/?p=3595"},"modified":"2024-03-19T13:17:39","modified_gmt":"2024-03-19T13:17:39","slug":"todo-listo-para-semana-santa-en-queretaro","status":"publish","type":"post","link":"https:\/\/telediarioqueretaro.co\/?p=3595","title":{"rendered":"Todo listo para Semana Santa en Quer\u00e9taro"},"content":{"rendered":"\n<figure class=\"wp-block-image size-full\"><img loading=\"lazy\" decoding=\"async\" width=\"601\" height=\"389\" src=\"https:\/\/telediarioqueretaro.co\/wp-content\/uploads\/2024\/03\/image-36.png\" alt=\"\" class=\"wp-image-3596\" srcset=\"https:\/\/telediarioqueretaro.co\/wp-content\/uploads\/2024\/03\/image-36.png 601w, https:\/\/telediarioqueretaro.co\/wp-content\/uploads\/2024\/03\/image-36-300x194.png 300w\" sizes=\"auto, (max-width: 601px) 100vw, 601px\" \/><\/figure>\n\n\n\n<p>Tanto la Di\u00f3cesis de Quer\u00e9taro, como Seguridad P\u00fablica y Protecci\u00f3n Civil se encuentran listas para todo lo referente a Semana Santa, que arranca con el Domingo de Ramos este 24 de marzo.<\/p>\n\n\n\n<p>Las autoridades religiosas queretanas coincidieron que la llamada \u201cVisita de las 7 Casas\u201d es la celebraci\u00f3n que moviliza m\u00e1s gente en la zona del Centro Hist\u00f3rico, pues recordemos que se acosumbta visitar al menos 7 templos a lo largo del d\u00eda.<\/p>\n\n\n\n<p><a href=\"https:\/\/corregidora.gob.mx\/portal\/\" class=\"\" target=\"_blank\" rel=\"noreferrer noopener\"><\/a><\/p>\n\n\n\n<p>Tambi\u00e9n se espera una gran cantidad de gente durante la Procesi\u00f3n del Silencio, la cu\u00e1l cruza varias de las calles importantes del primer cuadro saliendo desde el templo de La Cruz.<\/p>\n\n\n\n<p>Recordemos que tanto Seguridad P\u00fablica, Seguridad Ciudadana y las coordinaciones estatales y municipales de Protecci\u00f3n Civil no tendr\u00e1n d\u00edas de asueto para poder implementar sus operativos de manera correcta ante la gran afluencia de turistas.<\/p>\n\n\n\n<h3 class=\"wp-block-heading\"><\/h3>\n","protected":false},"excerpt":{"rendered":"<p>Tanto la Di\u00f3cesis de Quer\u00e9taro, como Seguridad P\u00fablica y Protecci\u00f3n Civil se encuentran listas para todo lo referente a Semana Santa, que arranca con el Domingo de Ramos este 24 de marzo. Las autoridades religiosas queretanas coincidieron que la llamada \u201cVisita de las 7 Casas\u201d es la celebraci\u00f3n que moviliza [&hellip;]<\/p>\n","protected":false},"author":2,"featured_media":3596,"comment_status":"open","ping_status":"open","sticky":false,"template":"","format":"standard","meta":{"footnotes":""},"categories":[1],"tags":[],"class_list":["post-3595","post","type-post","status-publish","format-standard","has-post-thumbnail","hentry","category-sin-categoria"],"_links":{"self":[{"href":"https:\/\/telediarioqueretaro.co\/index.php?rest_route=\/wp\/v2\/posts\/3595","targetHints":{"allow":["GET"]}}],"collection":[{"href":"https:\/\/telediarioqueretaro.co\/index.php?rest_route=\/wp\/v2\/posts"}],"about":[{"href":"https:\/\/telediarioqueretaro.co\/index.php?rest_route=\/wp\/v2\/types\/post"}],"author":[{"embeddable":true,"href":"https:\/\/telediarioqueretaro.co\/index.php?rest_route=\/wp\/v2\/users\/2"}],"replies":[{"embeddable":true,"href":"https:\/\/telediarioqueretaro.co\/index.php?rest_route=%2Fwp%2Fv2%2Fcomments&post=3595"}],"version-history":[{"count":1,"href":"https:\/\/telediarioqueretaro.co\/index.php?rest_route=\/wp\/v2\/posts\/3595\/revisions"}],"predecessor-version":[{"id":3597,"href":"https:\/\/telediarioqueretaro.co\/index.php?rest_route=\/wp\/v2\/posts\/3595\/revisions\/3597"}],"wp:featuredmedia":[{"embeddable":true,"href":"https:\/\/telediarioqueretaro.co\/index.php?rest_route=\/wp\/v2\/media\/3596"}],"wp:attachment":[{"href":"https:\/\/telediarioqueretaro.co\/index.php?rest_route=%2Fwp%2Fv2%2Fmedia&parent=3595"}],"wp:term":[{"taxonomy":"category","embeddable":true,"href":"https:\/\/telediarioqueretaro.co\/index.php?rest_route=%2Fwp%2Fv2%2Fcategories&post=3595"},{"taxonomy":"post_tag","embeddable":true,"href":"https:\/\/telediarioqueretaro.co\/index.php?rest_route=%2Fwp%2Fv2%2Ftags&post=3595"}],"curies":[{"name":"wp","href":"https:\/\/api.w.org\/{rel}","templated":true}]}}