{"id":3625,"date":"2024-03-22T14:22:07","date_gmt":"2024-03-22T14:22:07","guid":{"rendered":"https:\/\/telediarioqueretaro.co\/?p=3625"},"modified":"2024-03-22T14:22:08","modified_gmt":"2024-03-22T14:22:08","slug":"pediran-mejor-desempeno-a-inspectores-queretanos","status":"publish","type":"post","link":"https:\/\/telediarioqueretaro.co\/?p=3625","title":{"rendered":"Pedir\u00e1n mejor desempe\u00f1o a inspectores queretanos"},"content":{"rendered":"\n<figure class=\"wp-block-image size-full\"><img loading=\"lazy\" decoding=\"async\" width=\"745\" height=\"396\" src=\"https:\/\/telediarioqueretaro.co\/wp-content\/uploads\/2024\/03\/image-45.png\" alt=\"\" class=\"wp-image-3626\" srcset=\"https:\/\/telediarioqueretaro.co\/wp-content\/uploads\/2024\/03\/image-45.png 745w, https:\/\/telediarioqueretaro.co\/wp-content\/uploads\/2024\/03\/image-45-300x159.png 300w\" sizes=\"auto, (max-width: 745px) 100vw, 745px\" \/><\/figure>\n\n\n\n<p>Luego de la lamentable agresi\u00f3n que sufri\u00f3 una comerciante artesana a manos de un inspector municipal, las autoridades aseguraron que les dar\u00e1n una mayor capacitaci\u00f3n a todos los inspectores que trabajan en el Centro Hist\u00f3rico.<\/p>\n\n\n\n<p>Y es que el Municipio de Quer\u00e9taro ha sido muy enf\u00e1tico en temas como el respeto a los Derechos Humanos de toda la poblaci\u00f3n, especialmente mujeres, as\u00ed como ha mantenido una pol\u00edtica de tolerancia cero a la discriminaci\u00f3n por raza o sexo.<\/p>\n\n\n\n<p><a href=\"https:\/\/corregidora.gob.mx\/portal\/\" class=\"\" target=\"_blank\" rel=\"noreferrer noopener\"><\/a><\/p>\n\n\n\n<p>Debido a esto, existe una gran probabilidad de que el inspector que agredi\u00f3 a la artesana sea dado de baja de manera definitiva de la plantilla municipal, aunque esto depender\u00e1 del \u00f3rgano interno de control.<\/p>\n\n\n\n<p>Mientras tanto, todo el personal de inspecci\u00f3n recibir\u00e1 capacitaciones muy puntuales sobre el respeto a los derechos humanos y habr\u00e1 una mayor insistencia sobre las consecuencias a quien vuelva a cometer un acto como este.<\/p>\n","protected":false},"excerpt":{"rendered":"<p>Luego de la lamentable agresi\u00f3n que sufri\u00f3 una comerciante artesana a manos de un inspector municipal, las autoridades aseguraron que les dar\u00e1n una mayor capacitaci\u00f3n a todos los inspectores que trabajan en el Centro Hist\u00f3rico. Y es que el Municipio de Quer\u00e9taro ha sido muy enf\u00e1tico en temas como el [&hellip;]<\/p>\n","protected":false},"author":2,"featured_media":3626,"comment_status":"open","ping_status":"open","sticky":false,"template":"","format":"standard","meta":{"footnotes":""},"categories":[1],"tags":[],"class_list":["post-3625","post","type-post","status-publish","format-standard","has-post-thumbnail","hentry","category-sin-categoria"],"_links":{"self":[{"href":"https:\/\/telediarioqueretaro.co\/index.php?rest_route=\/wp\/v2\/posts\/3625","targetHints":{"allow":["GET"]}}],"collection":[{"href":"https:\/\/telediarioqueretaro.co\/index.php?rest_route=\/wp\/v2\/posts"}],"about":[{"href":"https:\/\/telediarioqueretaro.co\/index.php?rest_route=\/wp\/v2\/types\/post"}],"author":[{"embeddable":true,"href":"https:\/\/telediarioqueretaro.co\/index.php?rest_route=\/wp\/v2\/users\/2"}],"replies":[{"embeddable":true,"href":"https:\/\/telediarioqueretaro.co\/index.php?rest_route=%2Fwp%2Fv2%2Fcomments&post=3625"}],"version-history":[{"count":1,"href":"https:\/\/telediarioqueretaro.co\/index.php?rest_route=\/wp\/v2\/posts\/3625\/revisions"}],"predecessor-version":[{"id":3627,"href":"https:\/\/telediarioqueretaro.co\/index.php?rest_route=\/wp\/v2\/posts\/3625\/revisions\/3627"}],"wp:featuredmedia":[{"embeddable":true,"href":"https:\/\/telediarioqueretaro.co\/index.php?rest_route=\/wp\/v2\/media\/3626"}],"wp:attachment":[{"href":"https:\/\/telediarioqueretaro.co\/index.php?rest_route=%2Fwp%2Fv2%2Fmedia&parent=3625"}],"wp:term":[{"taxonomy":"category","embeddable":true,"href":"https:\/\/telediarioqueretaro.co\/index.php?rest_route=%2Fwp%2Fv2%2Fcategories&post=3625"},{"taxonomy":"post_tag","embeddable":true,"href":"https:\/\/telediarioqueretaro.co\/index.php?rest_route=%2Fwp%2Fv2%2Ftags&post=3625"}],"curies":[{"name":"wp","href":"https:\/\/api.w.org\/{rel}","templated":true}]}}