{"id":3632,"date":"2024-03-25T21:20:39","date_gmt":"2024-03-25T21:20:39","guid":{"rendered":"https:\/\/telediarioqueretaro.co\/?p=3632"},"modified":"2024-03-25T21:24:30","modified_gmt":"2024-03-25T21:24:30","slug":"cuerpos-de-emergencia-de-queretaro-seguiran-trabajando-en-semana-santa","status":"publish","type":"post","link":"https:\/\/telediarioqueretaro.co\/?p=3632","title":{"rendered":"Cuerpos de Emergencia de Quer\u00e9taro seguir\u00e1n trabajando en Semana Santa"},"content":{"rendered":"\n<figure class=\"wp-block-image size-full\"><img loading=\"lazy\" decoding=\"async\" width=\"645\" height=\"385\" src=\"https:\/\/telediarioqueretaro.co\/wp-content\/uploads\/2024\/03\/image-46.png\" alt=\"\" class=\"wp-image-3633\" srcset=\"https:\/\/telediarioqueretaro.co\/wp-content\/uploads\/2024\/03\/image-46.png 645w, https:\/\/telediarioqueretaro.co\/wp-content\/uploads\/2024\/03\/image-46-300x179.png 300w\" sizes=\"auto, (max-width: 645px) 100vw, 645px\" \/><\/figure>\n\n\n\n<p>Ya falta cada vez menos para las ansiadas vacaciones de Semana Santa y los elementos de Protecci\u00f3n Civil, Seguridad P\u00fablica, Bombreros de Quer\u00e9taro, param\u00e9dicos y dem\u00e1s cuerpos de emergencia ya est\u00e1n listos para atender a la poblaci\u00f3n.<\/p>\n\n\n\n<p>Ser\u00e1 en Plaza Constituci\u00f3n del Centro Hist\u00f3rico (ah\u00ed donde est\u00e1 el estacionamiento subterr\u00e1neo) en d\u00f3nde se montar\u00e1 un centro de mando especial como en a\u00f1os pasados, en d\u00f3nde se estar\u00e1n coordinando todas las acciones de este operativo.<\/p>\n\n\n\n<p>Ser\u00e1n 30 los elementos de Protecci\u00f3n Civil municipal quienes estar\u00e1n permanentemente en este puesto de mando y que adem\u00e1s dar\u00e1n vueltas por varias zonas del Centro Hist\u00f3rico para verificar que todo se encuentra en orden durante estos d\u00edas de mucho movimiento.<\/p>\n\n\n\n<p><a href=\"https:\/\/corregidora.gob.mx\/portal\/\" class=\"\" target=\"_blank\" rel=\"noreferrer noopener\"><\/a><\/p>\n\n\n\n<p>Adem\u00e1s de este personal, oficiales de la Secretar\u00eda de Movilidad tambi\u00e9n tendr\u00e1n participaci\u00f3n especial durante estos d\u00edas por aquello del intenso tr\u00e1fico que se puede generar en el Centro Hist\u00f3rico.<\/p>\n\n\n\n<p>Ante cualquier emergencia, duda o sugerencia, los elementos de este puesto de mando estar\u00e1n atentos para a recibir a la gente que necesite apoyo, adem\u00e1s de que las l\u00edneas 9-1-1 y las c\u00e1maras de C4 tambi\u00e9n estar\u00e1n conectadas de manera directa para activar protocolos de atenci\u00f3n.<\/p>\n","protected":false},"excerpt":{"rendered":"<p>Ya falta cada vez menos para las ansiadas vacaciones de Semana Santa y los elementos de Protecci\u00f3n Civil, Seguridad P\u00fablica, Bombreros de Quer\u00e9taro, param\u00e9dicos y dem\u00e1s cuerpos de emergencia ya est\u00e1n listos para atender a la poblaci\u00f3n. Ser\u00e1 en Plaza Constituci\u00f3n del Centro Hist\u00f3rico (ah\u00ed donde est\u00e1 el estacionamiento subterr\u00e1neo) [&hellip;]<\/p>\n","protected":false},"author":2,"featured_media":3633,"comment_status":"open","ping_status":"open","sticky":false,"template":"","format":"standard","meta":{"footnotes":""},"categories":[1],"tags":[],"class_list":["post-3632","post","type-post","status-publish","format-standard","has-post-thumbnail","hentry","category-sin-categoria"],"_links":{"self":[{"href":"https:\/\/telediarioqueretaro.co\/index.php?rest_route=\/wp\/v2\/posts\/3632","targetHints":{"allow":["GET"]}}],"collection":[{"href":"https:\/\/telediarioqueretaro.co\/index.php?rest_route=\/wp\/v2\/posts"}],"about":[{"href":"https:\/\/telediarioqueretaro.co\/index.php?rest_route=\/wp\/v2\/types\/post"}],"author":[{"embeddable":true,"href":"https:\/\/telediarioqueretaro.co\/index.php?rest_route=\/wp\/v2\/users\/2"}],"replies":[{"embeddable":true,"href":"https:\/\/telediarioqueretaro.co\/index.php?rest_route=%2Fwp%2Fv2%2Fcomments&post=3632"}],"version-history":[{"count":1,"href":"https:\/\/telediarioqueretaro.co\/index.php?rest_route=\/wp\/v2\/posts\/3632\/revisions"}],"predecessor-version":[{"id":3634,"href":"https:\/\/telediarioqueretaro.co\/index.php?rest_route=\/wp\/v2\/posts\/3632\/revisions\/3634"}],"wp:featuredmedia":[{"embeddable":true,"href":"https:\/\/telediarioqueretaro.co\/index.php?rest_route=\/wp\/v2\/media\/3633"}],"wp:attachment":[{"href":"https:\/\/telediarioqueretaro.co\/index.php?rest_route=%2Fwp%2Fv2%2Fmedia&parent=3632"}],"wp:term":[{"taxonomy":"category","embeddable":true,"href":"https:\/\/telediarioqueretaro.co\/index.php?rest_route=%2Fwp%2Fv2%2Fcategories&post=3632"},{"taxonomy":"post_tag","embeddable":true,"href":"https:\/\/telediarioqueretaro.co\/index.php?rest_route=%2Fwp%2Fv2%2Ftags&post=3632"}],"curies":[{"name":"wp","href":"https:\/\/api.w.org\/{rel}","templated":true}]}}