{"id":3653,"date":"2024-03-27T14:12:31","date_gmt":"2024-03-27T14:12:31","guid":{"rendered":"https:\/\/telediarioqueretaro.co\/?p=3653"},"modified":"2024-03-27T14:13:10","modified_gmt":"2024-03-27T14:13:10","slug":"emite-sedeq-recomendaciones-para-presenciar-el-eclipse-solar","status":"publish","type":"post","link":"https:\/\/telediarioqueretaro.co\/?p=3653","title":{"rendered":"Emite SEDEQ recomendaciones para presenciar el eclipse solar"},"content":{"rendered":"\n<figure class=\"wp-block-image size-full\"><img loading=\"lazy\" decoding=\"async\" width=\"754\" height=\"499\" src=\"https:\/\/telediarioqueretaro.co\/wp-content\/uploads\/2024\/03\/image-53.png\" alt=\"\" class=\"wp-image-3654\" srcset=\"https:\/\/telediarioqueretaro.co\/wp-content\/uploads\/2024\/03\/image-53.png 754w, https:\/\/telediarioqueretaro.co\/wp-content\/uploads\/2024\/03\/image-53-300x199.png 300w\" sizes=\"auto, (max-width: 754px) 100vw, 754px\" \/><\/figure>\n\n\n\n<p>Ante el pr\u00f3ximo eclipse solar que suceder\u00e1 el 8 de abril y ser\u00e1 visible en la entidad, la Secretar\u00eda de Educaci\u00f3n del Estado de Quer\u00e9taro (SEDEQ) y el experto en Astronom\u00eda Observacional, Braulio Guerra Urbiola, emitieron una serie de recomendaciones.<\/p>\n\n\n\n<p>Quer\u00e9taro ser\u00e1 uno de los estados donde el eclipse podr\u00e1 verse en mayor proporci\u00f3n al alcanzar un 84 por ciento.&nbsp; El fen\u00f3meno obedece a que la luna pasar\u00e1 entre el sol y la tierra, hecho que podr\u00e1 apreciarse por aproximadamente tres horas.<\/p>\n\n\n\n<p>Se espera que sea a las 10:55 de la ma\u00f1ana cuando comience el eclipse solar, logrando un punto m\u00e1ximo a las 12:14 para terminar a las 13:37 horas.&nbsp; Durante sus fases, no deber\u00e1 de verse de manera directa ya que pudiera causar da\u00f1os en la visi\u00f3n.<\/p>\n\n\n\n<p><a href=\"https:\/\/corregidora.gob.mx\/portal\/\" class=\"\" target=\"_blank\" rel=\"noreferrer noopener\"><\/a><\/p>\n\n\n\n<p>Entre las recomendaciones est\u00e1n:<\/p>\n\n\n\n<ul class=\"wp-block-list\">\n<li>Utilizar lentes especializados de venta en plataformas o aplicaciones comerciales.<\/li>\n\n\n\n<li>Vidrio para soldar grado 14 (de mayor grado es posible no apreciar el fen\u00f3meno y de menor grado podr\u00eda da\u00f1ar la vista).<\/li>\n\n\n\n<li>Proyectar el eclipse a trav\u00e9s de una c\u00e1mara o caja oscura o bien un proyector solar de cart\u00f3n. La SEDEQ a trav\u00e9s de sus redes sociales, publicar\u00e1 tutoriales al respecto.<\/li>\n\n\n\n<li>No hacer uso de lentes de sol, de ciclismo o motociclismo.<\/li>\n\n\n\n<li>No usar binoculares o telescopios para mirar al sol, es peligroso y los rayos pueden quemar tus retinas.<\/li>\n<\/ul>\n\n\n\n<p>Se debe ser muy cuidadoso y tomar en cuenta que ver el eclipse solar sin la protecci\u00f3n adecuada puede da\u00f1ar la vista de manera permanente.<\/p>\n\n\n\n<p>Este ser\u00e1 uno de los espect\u00e1culos m\u00e1s interesantes y vistosos de la naturaleza pues no se presentar\u00e1 uno similar hasta el a\u00f1o 2052, sin duda, esta ocasi\u00f3n es una buena oportunidad para acercarte a la ciencia.<\/p>\n","protected":false},"excerpt":{"rendered":"<p>Ante el pr\u00f3ximo eclipse solar que suceder\u00e1 el 8 de abril y ser\u00e1 visible en la entidad, la Secretar\u00eda de Educaci\u00f3n del Estado de Quer\u00e9taro (SEDEQ) y el experto en Astronom\u00eda Observacional, Braulio Guerra Urbiola, emitieron una serie de recomendaciones. Quer\u00e9taro ser\u00e1 uno de los estados donde el eclipse podr\u00e1 [&hellip;]<\/p>\n","protected":false},"author":2,"featured_media":3654,"comment_status":"open","ping_status":"open","sticky":false,"template":"","format":"standard","meta":{"footnotes":""},"categories":[1],"tags":[],"class_list":["post-3653","post","type-post","status-publish","format-standard","has-post-thumbnail","hentry","category-sin-categoria"],"_links":{"self":[{"href":"https:\/\/telediarioqueretaro.co\/index.php?rest_route=\/wp\/v2\/posts\/3653","targetHints":{"allow":["GET"]}}],"collection":[{"href":"https:\/\/telediarioqueretaro.co\/index.php?rest_route=\/wp\/v2\/posts"}],"about":[{"href":"https:\/\/telediarioqueretaro.co\/index.php?rest_route=\/wp\/v2\/types\/post"}],"author":[{"embeddable":true,"href":"https:\/\/telediarioqueretaro.co\/index.php?rest_route=\/wp\/v2\/users\/2"}],"replies":[{"embeddable":true,"href":"https:\/\/telediarioqueretaro.co\/index.php?rest_route=%2Fwp%2Fv2%2Fcomments&post=3653"}],"version-history":[{"count":1,"href":"https:\/\/telediarioqueretaro.co\/index.php?rest_route=\/wp\/v2\/posts\/3653\/revisions"}],"predecessor-version":[{"id":3655,"href":"https:\/\/telediarioqueretaro.co\/index.php?rest_route=\/wp\/v2\/posts\/3653\/revisions\/3655"}],"wp:featuredmedia":[{"embeddable":true,"href":"https:\/\/telediarioqueretaro.co\/index.php?rest_route=\/wp\/v2\/media\/3654"}],"wp:attachment":[{"href":"https:\/\/telediarioqueretaro.co\/index.php?rest_route=%2Fwp%2Fv2%2Fmedia&parent=3653"}],"wp:term":[{"taxonomy":"category","embeddable":true,"href":"https:\/\/telediarioqueretaro.co\/index.php?rest_route=%2Fwp%2Fv2%2Fcategories&post=3653"},{"taxonomy":"post_tag","embeddable":true,"href":"https:\/\/telediarioqueretaro.co\/index.php?rest_route=%2Fwp%2Fv2%2Ftags&post=3653"}],"curies":[{"name":"wp","href":"https:\/\/api.w.org\/{rel}","templated":true}]}}