{"id":3666,"date":"2024-03-28T14:37:47","date_gmt":"2024-03-28T14:37:47","guid":{"rendered":"https:\/\/telediarioqueretaro.co\/?p=3666"},"modified":"2024-03-28T14:37:48","modified_gmt":"2024-03-28T14:37:48","slug":"ciclistas-y-peatones-convocan-a-planton-en-5-de-febrero","status":"publish","type":"post","link":"https:\/\/telediarioqueretaro.co\/?p=3666","title":{"rendered":"Ciclistas y peatones convocan a plant\u00f3n en 5 de febrero"},"content":{"rendered":"\n<figure class=\"wp-block-image size-full\"><img loading=\"lazy\" decoding=\"async\" width=\"711\" height=\"384\" src=\"https:\/\/telediarioqueretaro.co\/wp-content\/uploads\/2024\/03\/image-57.png\" alt=\"\" class=\"wp-image-3667\" srcset=\"https:\/\/telediarioqueretaro.co\/wp-content\/uploads\/2024\/03\/image-57.png 711w, https:\/\/telediarioqueretaro.co\/wp-content\/uploads\/2024\/03\/image-57-300x162.png 300w\" sizes=\"auto, (max-width: 711px) 100vw, 711px\" \/><\/figure>\n\n\n\n<p>Debido al mal estado de la ciclov\u00edas, a la presencia de puentes no contemplados, y a los riesgos que representa para la gente caminar sobre paseo 5 de febrero, representantes de la comunidad ciclista y peatonal convocaron a una manifestaci\u00f3n sobre esta vialidad el pr\u00f3ximo lunes 1 de abril.<\/p>\n\n\n\n<p>Se\u00f1alaron que han estado presentando sus observaciones constantemente ante los encargados de la obra, para exponerles el mal estado de esta infraestructura y los riesgos de caminar o andar en bici por la zona.<\/p>\n\n\n\n<p>Sin embargo, la gota que derram\u00f3 el vaso fueron las im\u00e1genes que se viralizaron de una aparente ciclov\u00eda pintada arriba de la banqueta y con los postes de lu estorbando, lo cual despert\u00f3 la molestia de diferentes colectivos de movilidad.<\/p>\n\n\n\n<p><a href=\"https:\/\/corregidora.gob.mx\/portal\/\" class=\"\" target=\"_blank\" rel=\"noreferrer noopener\"><\/a><\/p>\n\n\n\n<p>Si bien la molestia es general, los colectivos mantienen en su postura de alcanzar un di\u00e1logo con las autoridades para resolver estos desperfectos y evitar que tenga que llevarse a cabo esta manifestaci\u00f3n, la cu\u00e1l traer\u00eda m\u00e1s problemas para quienes diariamente pasan por 5 de febrero.<\/p>\n\n\n\n<p>Entre sus principales exigencias est\u00e1 una reconversi\u00f3n total de la infraestructura ciclista y peatonal que sigue en construcci\u00f3n, para que sean caminos dignos y seguros para todos sus usuarios.<\/p>\n","protected":false},"excerpt":{"rendered":"<p>Debido al mal estado de la ciclov\u00edas, a la presencia de puentes no contemplados, y a los riesgos que representa para la gente caminar sobre paseo 5 de febrero, representantes de la comunidad ciclista y peatonal convocaron a una manifestaci\u00f3n sobre esta vialidad el pr\u00f3ximo lunes 1 de abril. Se\u00f1alaron [&hellip;]<\/p>\n","protected":false},"author":2,"featured_media":3667,"comment_status":"open","ping_status":"open","sticky":false,"template":"","format":"standard","meta":{"footnotes":""},"categories":[1],"tags":[],"class_list":["post-3666","post","type-post","status-publish","format-standard","has-post-thumbnail","hentry","category-sin-categoria"],"_links":{"self":[{"href":"https:\/\/telediarioqueretaro.co\/index.php?rest_route=\/wp\/v2\/posts\/3666","targetHints":{"allow":["GET"]}}],"collection":[{"href":"https:\/\/telediarioqueretaro.co\/index.php?rest_route=\/wp\/v2\/posts"}],"about":[{"href":"https:\/\/telediarioqueretaro.co\/index.php?rest_route=\/wp\/v2\/types\/post"}],"author":[{"embeddable":true,"href":"https:\/\/telediarioqueretaro.co\/index.php?rest_route=\/wp\/v2\/users\/2"}],"replies":[{"embeddable":true,"href":"https:\/\/telediarioqueretaro.co\/index.php?rest_route=%2Fwp%2Fv2%2Fcomments&post=3666"}],"version-history":[{"count":1,"href":"https:\/\/telediarioqueretaro.co\/index.php?rest_route=\/wp\/v2\/posts\/3666\/revisions"}],"predecessor-version":[{"id":3668,"href":"https:\/\/telediarioqueretaro.co\/index.php?rest_route=\/wp\/v2\/posts\/3666\/revisions\/3668"}],"wp:featuredmedia":[{"embeddable":true,"href":"https:\/\/telediarioqueretaro.co\/index.php?rest_route=\/wp\/v2\/media\/3667"}],"wp:attachment":[{"href":"https:\/\/telediarioqueretaro.co\/index.php?rest_route=%2Fwp%2Fv2%2Fmedia&parent=3666"}],"wp:term":[{"taxonomy":"category","embeddable":true,"href":"https:\/\/telediarioqueretaro.co\/index.php?rest_route=%2Fwp%2Fv2%2Fcategories&post=3666"},{"taxonomy":"post_tag","embeddable":true,"href":"https:\/\/telediarioqueretaro.co\/index.php?rest_route=%2Fwp%2Fv2%2Ftags&post=3666"}],"curies":[{"name":"wp","href":"https:\/\/api.w.org\/{rel}","templated":true}]}}