{"id":3675,"date":"2024-03-29T14:03:35","date_gmt":"2024-03-29T14:03:35","guid":{"rendered":"https:\/\/telediarioqueretaro.co\/?p=3675"},"modified":"2024-03-29T14:03:36","modified_gmt":"2024-03-29T14:03:36","slug":"la-planeacion-de-las-ciudades-es-clave-en-el-desarrollo-de-la-sociedad-felifer","status":"publish","type":"post","link":"https:\/\/telediarioqueretaro.co\/?p=3675","title":{"rendered":"La planeaci\u00f3n de las ciudades es clave en el desarrollo de la sociedad: Felifer"},"content":{"rendered":"\n<figure class=\"wp-block-image size-full\"><img loading=\"lazy\" decoding=\"async\" width=\"758\" height=\"478\" src=\"https:\/\/telediarioqueretaro.co\/wp-content\/uploads\/2024\/03\/image-60.png\" alt=\"\" class=\"wp-image-3676\" srcset=\"https:\/\/telediarioqueretaro.co\/wp-content\/uploads\/2024\/03\/image-60.png 758w, https:\/\/telediarioqueretaro.co\/wp-content\/uploads\/2024\/03\/image-60-300x189.png 300w\" sizes=\"auto, (max-width: 758px) 100vw, 758px\" \/><\/figure>\n\n\n\n<p>La planeaci\u00f3n a largo plazo es fortaleza y clave para mantener una ciudad pr\u00f3spera y ordenada para poder ofrecer a todos los ciudadanos una mejor calidad de vida, indic\u00f3 Felifer Mac\u00edas. Por lo que es necesario fortalecer la planeaci\u00f3n y as\u00ed mejorar la calidad de los servicios, evitando con ello que Quer\u00e9taro sea v\u00edctima de su propio \u00e9xito ante el crecimiento exponencial que mantiene.<\/p>\n\n\n\n<p>\u201cHay que orientar el crecimiento de una ciudad, ordenarlo, esa es la clave para muchos de las \u00e1reas de oportunidad que hoy se tienen que priorizar, hay que hacer del Centro Hist\u00f3rico un punto de partida ejemplar\u201d, se\u00f1al\u00f3 Mac\u00edas.<\/p>\n\n\n\n<p>Asimismo, se pronunci\u00f3 por la recuperaci\u00f3n del tejido social como tarea de todos para evitar que se pierdan los valores y principios, ya que esto puede generar que se caiga en situaciones que se viven en otras regiones del pa\u00eds; tal y como se lo han hecho saber los diversos actores y sectores de la sociedad organizada.<\/p>\n\n\n\n<p><a href=\"https:\/\/corregidora.gob.mx\/portal\/\" class=\"\" target=\"_blank\" rel=\"noreferrer noopener\"><\/a><\/p>\n\n\n\n<p>\u201cPodemos generar todas las leyes que creamos, podemos crear todas las penas, agravar los delitos, etc\u00e9tera, etc\u00e9tera, pero tambi\u00e9n es responsabilidad de todos los \u00f3rdenes de gobierno hacer su chamba y tambi\u00e9n, y lo m\u00e1s importante, es obligaci\u00f3n de la sociedad hacer su chamba. Si hoy tenemos una escalada en la violencia de g\u00e9nero, es porque como sociedad hemos dejado de hacer lo que nos toca. Hay una enorme crisis de valores, de principios, tenemos que actuar ya\u201d.<\/p>\n\n\n\n<p>Felifer Mac\u00edas subray\u00f3 que solo trabajando de la mano sociedad y gobierno es como se podr\u00e1 seguir teniendo un Quer\u00e9taro seguro donde las familias puedan tener una buena calidad de vida, donde impere la paz y la gobernabilidad.<\/p>\n","protected":false},"excerpt":{"rendered":"<p>La planeaci\u00f3n a largo plazo es fortaleza y clave para mantener una ciudad pr\u00f3spera y ordenada para poder ofrecer a todos los ciudadanos una mejor calidad de vida, indic\u00f3 Felifer Mac\u00edas. Por lo que es necesario fortalecer la planeaci\u00f3n y as\u00ed mejorar la calidad de los servicios, evitando con ello [&hellip;]<\/p>\n","protected":false},"author":2,"featured_media":3676,"comment_status":"open","ping_status":"open","sticky":false,"template":"","format":"standard","meta":{"footnotes":""},"categories":[1],"tags":[],"class_list":["post-3675","post","type-post","status-publish","format-standard","has-post-thumbnail","hentry","category-sin-categoria"],"_links":{"self":[{"href":"https:\/\/telediarioqueretaro.co\/index.php?rest_route=\/wp\/v2\/posts\/3675","targetHints":{"allow":["GET"]}}],"collection":[{"href":"https:\/\/telediarioqueretaro.co\/index.php?rest_route=\/wp\/v2\/posts"}],"about":[{"href":"https:\/\/telediarioqueretaro.co\/index.php?rest_route=\/wp\/v2\/types\/post"}],"author":[{"embeddable":true,"href":"https:\/\/telediarioqueretaro.co\/index.php?rest_route=\/wp\/v2\/users\/2"}],"replies":[{"embeddable":true,"href":"https:\/\/telediarioqueretaro.co\/index.php?rest_route=%2Fwp%2Fv2%2Fcomments&post=3675"}],"version-history":[{"count":1,"href":"https:\/\/telediarioqueretaro.co\/index.php?rest_route=\/wp\/v2\/posts\/3675\/revisions"}],"predecessor-version":[{"id":3677,"href":"https:\/\/telediarioqueretaro.co\/index.php?rest_route=\/wp\/v2\/posts\/3675\/revisions\/3677"}],"wp:featuredmedia":[{"embeddable":true,"href":"https:\/\/telediarioqueretaro.co\/index.php?rest_route=\/wp\/v2\/media\/3676"}],"wp:attachment":[{"href":"https:\/\/telediarioqueretaro.co\/index.php?rest_route=%2Fwp%2Fv2%2Fmedia&parent=3675"}],"wp:term":[{"taxonomy":"category","embeddable":true,"href":"https:\/\/telediarioqueretaro.co\/index.php?rest_route=%2Fwp%2Fv2%2Fcategories&post=3675"},{"taxonomy":"post_tag","embeddable":true,"href":"https:\/\/telediarioqueretaro.co\/index.php?rest_route=%2Fwp%2Fv2%2Ftags&post=3675"}],"curies":[{"name":"wp","href":"https:\/\/api.w.org\/{rel}","templated":true}]}}