{"id":3689,"date":"2024-05-05T22:11:26","date_gmt":"2024-05-05T22:11:26","guid":{"rendered":"https:\/\/telediarioqueretaro.co\/?p=3689"},"modified":"2024-05-05T22:11:26","modified_gmt":"2024-05-05T22:11:26","slug":"piden-que-sector-aeroespacial-sea-estrategico-en-queretaro","status":"publish","type":"post","link":"https:\/\/telediarioqueretaro.co\/?p=3689","title":{"rendered":"Piden que sector aeroespacial sea estrat\u00e9gico en Quer\u00e9taro"},"content":{"rendered":"\n<figure class=\"wp-block-image size-large\"><img loading=\"lazy\" decoding=\"async\" width=\"1024\" height=\"577\" src=\"https:\/\/telediarioqueretaro.co\/wp-content\/uploads\/2024\/05\/01-2-1024x577.jpg\" alt=\"\" class=\"wp-image-3690\" srcset=\"https:\/\/telediarioqueretaro.co\/wp-content\/uploads\/2024\/05\/01-2-1024x577.jpg 1024w, https:\/\/telediarioqueretaro.co\/wp-content\/uploads\/2024\/05\/01-2-300x169.jpg 300w, https:\/\/telediarioqueretaro.co\/wp-content\/uploads\/2024\/05\/01-2-768x433.jpg 768w, https:\/\/telediarioqueretaro.co\/wp-content\/uploads\/2024\/05\/01-2.jpg 1200w\" sizes=\"auto, (max-width: 1024px) 100vw, 1024px\" \/><\/figure>\n\n\n\n<p>El director del Aerocl\u00faster, Jos\u00e9 Antonio Vel\u00e1zquez Sol\u00eds, explic\u00f3 que con esta declaratoria se pretende que se reconozca a la industria aeroespacial como un sector con potencial para incidir en la reactivaci\u00f3n econ\u00f3mica local y nacional.<\/p>\n\n\n\n<p>\u201cQue se diga que la industria aeroespacial tiene el potencial de reactivar el sector econ\u00f3mico de nuestro pa\u00eds y de nuestro estado, eso nos lleva a lo dice el presidente del Aerocl\u00faster: constituir la primera empresa aeron\u00e1utica con capital mexicano que permita resolver las necesidades de proveedur\u00eda de las grandes empresas, pero que sea mexicana\u201d, explic\u00f3.<\/p>\n\n\n\n<p>El objetivo central es dar pie a la conformaci\u00f3n de este proyecto, para generar las bases de una empresa de capital mexicano que permita acelerar el desarrollo de la industria.<\/p>\n","protected":false},"excerpt":{"rendered":"<p>El director del Aerocl\u00faster, Jos\u00e9 Antonio Vel\u00e1zquez Sol\u00eds, explic\u00f3 que con esta declaratoria se pretende que se reconozca a la industria aeroespacial como un sector con potencial para incidir en la reactivaci\u00f3n econ\u00f3mica local y nacional. \u201cQue se diga que la industria aeroespacial tiene el potencial de reactivar el sector [&hellip;]<\/p>\n","protected":false},"author":2,"featured_media":3690,"comment_status":"open","ping_status":"open","sticky":false,"template":"","format":"standard","meta":{"footnotes":""},"categories":[1],"tags":[],"class_list":["post-3689","post","type-post","status-publish","format-standard","has-post-thumbnail","hentry","category-sin-categoria"],"_links":{"self":[{"href":"https:\/\/telediarioqueretaro.co\/index.php?rest_route=\/wp\/v2\/posts\/3689","targetHints":{"allow":["GET"]}}],"collection":[{"href":"https:\/\/telediarioqueretaro.co\/index.php?rest_route=\/wp\/v2\/posts"}],"about":[{"href":"https:\/\/telediarioqueretaro.co\/index.php?rest_route=\/wp\/v2\/types\/post"}],"author":[{"embeddable":true,"href":"https:\/\/telediarioqueretaro.co\/index.php?rest_route=\/wp\/v2\/users\/2"}],"replies":[{"embeddable":true,"href":"https:\/\/telediarioqueretaro.co\/index.php?rest_route=%2Fwp%2Fv2%2Fcomments&post=3689"}],"version-history":[{"count":1,"href":"https:\/\/telediarioqueretaro.co\/index.php?rest_route=\/wp\/v2\/posts\/3689\/revisions"}],"predecessor-version":[{"id":3691,"href":"https:\/\/telediarioqueretaro.co\/index.php?rest_route=\/wp\/v2\/posts\/3689\/revisions\/3691"}],"wp:featuredmedia":[{"embeddable":true,"href":"https:\/\/telediarioqueretaro.co\/index.php?rest_route=\/wp\/v2\/media\/3690"}],"wp:attachment":[{"href":"https:\/\/telediarioqueretaro.co\/index.php?rest_route=%2Fwp%2Fv2%2Fmedia&parent=3689"}],"wp:term":[{"taxonomy":"category","embeddable":true,"href":"https:\/\/telediarioqueretaro.co\/index.php?rest_route=%2Fwp%2Fv2%2Fcategories&post=3689"},{"taxonomy":"post_tag","embeddable":true,"href":"https:\/\/telediarioqueretaro.co\/index.php?rest_route=%2Fwp%2Fv2%2Ftags&post=3689"}],"curies":[{"name":"wp","href":"https:\/\/api.w.org\/{rel}","templated":true}]}}