{"id":3708,"date":"2024-05-29T21:01:00","date_gmt":"2024-05-29T21:01:00","guid":{"rendered":"https:\/\/telediarioqueretaro.co\/?p=3708"},"modified":"2024-05-29T20:02:26","modified_gmt":"2024-05-29T20:02:26","slug":"rodrigo-monsalvo-realiza-tres-cierres-regionales-de-campana-con-el-respaldo-de-mas-de-10-mil-ciudadanos","status":"publish","type":"post","link":"https:\/\/telediarioqueretaro.co\/?p=3708","title":{"rendered":"Rodrigo Monsalvo Realiza Tres Cierres Regionales De Campa\u00f1a Con El Respaldo De M\u00e1s De 10 Mil Ciudadanos"},"content":{"rendered":"\n<figure class=\"wp-block-image size-large\"><img loading=\"lazy\" decoding=\"async\" width=\"1024\" height=\"543\" src=\"https:\/\/telediarioqueretaro.co\/wp-content\/uploads\/2024\/05\/image-1-1024x543.png\" alt=\"\" class=\"wp-image-3709\" srcset=\"https:\/\/telediarioqueretaro.co\/wp-content\/uploads\/2024\/05\/image-1-1024x543.png 1024w, https:\/\/telediarioqueretaro.co\/wp-content\/uploads\/2024\/05\/image-1-300x159.png 300w, https:\/\/telediarioqueretaro.co\/wp-content\/uploads\/2024\/05\/image-1-768x407.png 768w, https:\/\/telediarioqueretaro.co\/wp-content\/uploads\/2024\/05\/image-1.png 1210w\" sizes=\"auto, (max-width: 1024px) 100vw, 1024px\" \/><\/figure>\n\n\n\n<p>Con tres cierres regionales de campa\u00f1a realizados en las delegaciones de Chichimequillas, La Griega y El Colorado, y ante m\u00e1s de 10 mil ciudadanos, el candidato a la presidencia municipal de El Marqu\u00e9s por el Partido Acci\u00f3n Nacional (PAN), Rodrigo Monsalvo Castel\u00e1n, acompa\u00f1ado de su esposa Ana Mar\u00eda Camacho Arce, agradeci\u00f3 la uni\u00f3n y la fuerza que todos los marquesinos han puesto durante este proceso electoral. Destac\u00f3 que este dos de junio, en conjunto con ellos, lograr\u00e1n que lo bueno contin\u00fae para todas y todos en la demarcaci\u00f3n.<\/p>\n\n\n\n<p>\u201cYo lo dije desde el d\u00eda uno, lo m\u00e1s fuerte que tuvo Rodrigo Monsalvo en esta campa\u00f1a son ustedes. Lo que me diferenc\u00eda de todos es que tengo el mejor equipo y no me queda duda. Y s\u00e9 que de la mano de ustedes lo vamos a lograr el domingo, nada m\u00e1s falta ver todo el esfuerzo que tuvimos. Ah\u00ed est\u00e1n los n\u00fameros. Ah\u00ed est\u00e1 el trabajo. Ya solo queda una cosa, llevar los resultados a la urna, eso es lo \u00faltimo que nos falta. Vamos muy arriba y esos n\u00fameros se los vamos a llevar y se los vamos a demostrar. Y vengo a decirles, es evidente, lo pueden ver en los n\u00fameros, en las reuniones, es evidente: Ya ganamos\u201d.<\/p>\n\n\n\n<p>Rodrigo Monsalvo puntualiz\u00f3 que una de sus mayores motivaciones es poder sentir el cari\u00f1o y respeto de la gente marquesina, pues ya recorri\u00f3 todas las comunidades ubicadas a lo largo y ancho del municipio y desde el comienzo de su campa\u00f1a los pobladores se han mostrado interesados en escucharlo y proponerle nuevas rutas para su administraci\u00f3n.<\/p>\n\n\n\n<p>Asimismo, durante los cierres de campa\u00f1a el candidato blanquiazul reiter\u00f3 sus propuestas y compromisos para mantener a El Marqu\u00e9s en un estado permanente de mejora en el que sus habitantes puedan acceder a una mejor calidad de vida, comunidades m\u00e1s seguras y con infraestructura de primer nivel.<\/p>\n\n\n\n<p>\u201cVamos a seguir mejorando nuestro municipio, vamos a trabajar muy duro para erradicar las adicciones, vamos a continuar con toda la obra, con muchos apoyos para el adulto mayor, vamos a proteger a las mujeres del municipio y vamos a dejar un gran municipio, con el trabajo en todos ustedes seguro lo vamos a lograr\u201d.<\/p>\n\n\n\n<p>En los eventos estuvieron presentes Leonor Mej\u00eda, presidenta del PAN en Quer\u00e9taro; Enrique Vega Carriles, candidato suplente al Senado de la Rep\u00fablica; Alejandrina Ver\u00f3nica Galicia Casta\u00f1\u00f3n, candidata a Diputada Local por el 13\u00b0 Distrito, Alejandrina Ver\u00f3nica y Mario Calzada, candidato a Diputado Federal por el 5\u00ba Distrito.<\/p>\n","protected":false},"excerpt":{"rendered":"<p>Con tres cierres regionales de campa\u00f1a realizados en las delegaciones de Chichimequillas, La Griega y El Colorado, y ante m\u00e1s de 10 mil ciudadanos, el candidato a la presidencia municipal de El Marqu\u00e9s por el Partido Acci\u00f3n Nacional (PAN), Rodrigo Monsalvo Castel\u00e1n, acompa\u00f1ado de su esposa Ana Mar\u00eda Camacho Arce, [&hellip;]<\/p>\n","protected":false},"author":2,"featured_media":3709,"comment_status":"open","ping_status":"open","sticky":false,"template":"","format":"standard","meta":{"footnotes":""},"categories":[1],"tags":[],"class_list":["post-3708","post","type-post","status-publish","format-standard","has-post-thumbnail","hentry","category-sin-categoria"],"_links":{"self":[{"href":"https:\/\/telediarioqueretaro.co\/index.php?rest_route=\/wp\/v2\/posts\/3708","targetHints":{"allow":["GET"]}}],"collection":[{"href":"https:\/\/telediarioqueretaro.co\/index.php?rest_route=\/wp\/v2\/posts"}],"about":[{"href":"https:\/\/telediarioqueretaro.co\/index.php?rest_route=\/wp\/v2\/types\/post"}],"author":[{"embeddable":true,"href":"https:\/\/telediarioqueretaro.co\/index.php?rest_route=\/wp\/v2\/users\/2"}],"replies":[{"embeddable":true,"href":"https:\/\/telediarioqueretaro.co\/index.php?rest_route=%2Fwp%2Fv2%2Fcomments&post=3708"}],"version-history":[{"count":1,"href":"https:\/\/telediarioqueretaro.co\/index.php?rest_route=\/wp\/v2\/posts\/3708\/revisions"}],"predecessor-version":[{"id":3710,"href":"https:\/\/telediarioqueretaro.co\/index.php?rest_route=\/wp\/v2\/posts\/3708\/revisions\/3710"}],"wp:featuredmedia":[{"embeddable":true,"href":"https:\/\/telediarioqueretaro.co\/index.php?rest_route=\/wp\/v2\/media\/3709"}],"wp:attachment":[{"href":"https:\/\/telediarioqueretaro.co\/index.php?rest_route=%2Fwp%2Fv2%2Fmedia&parent=3708"}],"wp:term":[{"taxonomy":"category","embeddable":true,"href":"https:\/\/telediarioqueretaro.co\/index.php?rest_route=%2Fwp%2Fv2%2Fcategories&post=3708"},{"taxonomy":"post_tag","embeddable":true,"href":"https:\/\/telediarioqueretaro.co\/index.php?rest_route=%2Fwp%2Fv2%2Ftags&post=3708"}],"curies":[{"name":"wp","href":"https:\/\/api.w.org\/{rel}","templated":true}]}}