{"id":3711,"date":"2024-05-30T20:02:35","date_gmt":"2024-05-30T20:02:35","guid":{"rendered":"https:\/\/telediarioqueretaro.co\/?p=3711"},"modified":"2024-05-29T20:03:07","modified_gmt":"2024-05-29T20:03:07","slug":"alistan-jovenes-queretanos-presentacion-en-el-fnac-2024","status":"publish","type":"post","link":"https:\/\/telediarioqueretaro.co\/?p=3711","title":{"rendered":"Alistan J\u00f3venes Queretanos Presentaci\u00f3n En El FNAC 2024"},"content":{"rendered":"\n<figure class=\"wp-block-image size-large\"><img loading=\"lazy\" decoding=\"async\" width=\"1024\" height=\"600\" src=\"https:\/\/telediarioqueretaro.co\/wp-content\/uploads\/2024\/05\/image-2-1024x600.png\" alt=\"\" class=\"wp-image-3712\" srcset=\"https:\/\/telediarioqueretaro.co\/wp-content\/uploads\/2024\/05\/image-2-1024x600.png 1024w, https:\/\/telediarioqueretaro.co\/wp-content\/uploads\/2024\/05\/image-2-300x176.png 300w, https:\/\/telediarioqueretaro.co\/wp-content\/uploads\/2024\/05\/image-2-768x450.png 768w, https:\/\/telediarioqueretaro.co\/wp-content\/uploads\/2024\/05\/image-2.png 1096w\" sizes=\"auto, (max-width: 1024px) 100vw, 1024px\" \/><\/figure>\n\n\n\n<p>Estudiantes del Colegio de Estudios Cient\u00edficos y Tecnol\u00f3gicos del Estado de Quer\u00e9taro (CECYTEQ) aseguraron su participaci\u00f3n en el Festival Nacional de Arte y Cultura (FNAC) 2024 que se llevar\u00e1 a cabo tras ser galardonados con el primer lugar en once disciplinas del XXII Festival de Arte y Cultura 2024.<\/p>\n\n\n\n<p>Los ganadores del primer lugar fueron en Poes\u00eda, Sarita Estrada Aguas; Declamaci\u00f3n, F\u00e1tima Itzel L\u00f3pez P\u00e9rez; Fotograf\u00eda, Diego Alessandro Gonz\u00e1lez Ram\u00edrez; Ajedrez, Jos\u00e9 Emilio Euzarraga Becerra, y en Escultura, Andrea Ocampo Monter.<\/p>\n\n\n\n<p>Tambi\u00e9n conquistaron es posici\u00f3n en Canto, Estefan\u00eda Morales Garc\u00eda; Danza, el ballet folcl\u00f3rico de Pe\u00f1amiller; Cuento Corto, Regina Rivera Morales; Oratoria, Lizeth Sara\u00ed Aguilar Rivera; Dibujo, Corina Shani Hern\u00e1ndez Samaniego, y en Pintura, Ana Karen V\u00e1zquez S\u00e1nchez.<\/p>\n\n\n\n<p>Esta etapa estatal fue organizada por la comunidad escolar del plantel No. 11 Tinaja de la Estancia, con la participaci\u00f3n de 140 j\u00f3venes en once disciplinas art\u00edsticas, quienes fueron apoyados por m\u00e1s de 40 asesores y evaluados por un jurado compuesto por m\u00e1s de 20 especialistas en diversas \u00e1reas.<\/p>\n\n\n\n<p>Dicho festival es una celebraci\u00f3n anual y no solo es un escaparate para el talento de los j\u00f3venes, sino que tambi\u00e9n fomenta su desarrollo integral. Las autoridades coincidieron en que actividades como esta son fundamentales para potenciar el talento art\u00edstico de las nuevas generaciones, donde las juventudes pueden demostrar su pasi\u00f3n y habilidades en el arte y la cultura.<\/p>\n","protected":false},"excerpt":{"rendered":"<p>Estudiantes del Colegio de Estudios Cient\u00edficos y Tecnol\u00f3gicos del Estado de Quer\u00e9taro (CECYTEQ) aseguraron su participaci\u00f3n en el Festival Nacional de Arte y Cultura (FNAC) 2024 que se llevar\u00e1 a cabo tras ser galardonados con el primer lugar en once disciplinas del XXII Festival de Arte y Cultura 2024. Los [&hellip;]<\/p>\n","protected":false},"author":2,"featured_media":3712,"comment_status":"open","ping_status":"open","sticky":false,"template":"","format":"standard","meta":{"footnotes":""},"categories":[1],"tags":[],"class_list":["post-3711","post","type-post","status-publish","format-standard","has-post-thumbnail","hentry","category-sin-categoria"],"_links":{"self":[{"href":"https:\/\/telediarioqueretaro.co\/index.php?rest_route=\/wp\/v2\/posts\/3711","targetHints":{"allow":["GET"]}}],"collection":[{"href":"https:\/\/telediarioqueretaro.co\/index.php?rest_route=\/wp\/v2\/posts"}],"about":[{"href":"https:\/\/telediarioqueretaro.co\/index.php?rest_route=\/wp\/v2\/types\/post"}],"author":[{"embeddable":true,"href":"https:\/\/telediarioqueretaro.co\/index.php?rest_route=\/wp\/v2\/users\/2"}],"replies":[{"embeddable":true,"href":"https:\/\/telediarioqueretaro.co\/index.php?rest_route=%2Fwp%2Fv2%2Fcomments&post=3711"}],"version-history":[{"count":1,"href":"https:\/\/telediarioqueretaro.co\/index.php?rest_route=\/wp\/v2\/posts\/3711\/revisions"}],"predecessor-version":[{"id":3713,"href":"https:\/\/telediarioqueretaro.co\/index.php?rest_route=\/wp\/v2\/posts\/3711\/revisions\/3713"}],"wp:featuredmedia":[{"embeddable":true,"href":"https:\/\/telediarioqueretaro.co\/index.php?rest_route=\/wp\/v2\/media\/3712"}],"wp:attachment":[{"href":"https:\/\/telediarioqueretaro.co\/index.php?rest_route=%2Fwp%2Fv2%2Fmedia&parent=3711"}],"wp:term":[{"taxonomy":"category","embeddable":true,"href":"https:\/\/telediarioqueretaro.co\/index.php?rest_route=%2Fwp%2Fv2%2Fcategories&post=3711"},{"taxonomy":"post_tag","embeddable":true,"href":"https:\/\/telediarioqueretaro.co\/index.php?rest_route=%2Fwp%2Fv2%2Ftags&post=3711"}],"curies":[{"name":"wp","href":"https:\/\/api.w.org\/{rel}","templated":true}]}}