{"id":3775,"date":"2024-06-26T01:10:12","date_gmt":"2024-06-26T01:10:12","guid":{"rendered":"https:\/\/telediarioqueretaro.co\/?p=3775"},"modified":"2024-06-26T01:10:12","modified_gmt":"2024-06-26T01:10:12","slug":"reconoce-unam-al-programa-de-resultados-electorales-preliminares-del-ieeq","status":"publish","type":"post","link":"https:\/\/telediarioqueretaro.co\/?p=3775","title":{"rendered":"Reconoce UNAM Al Programa De Resultados Electorales Preliminares Del IEEQ"},"content":{"rendered":"\n<figure class=\"wp-block-image size-full\"><img loading=\"lazy\" decoding=\"async\" width=\"585\" height=\"418\" src=\"https:\/\/telediarioqueretaro.co\/wp-content\/uploads\/2024\/06\/image-14.png\" alt=\"\" class=\"wp-image-3776\" srcset=\"https:\/\/telediarioqueretaro.co\/wp-content\/uploads\/2024\/06\/image-14.png 585w, https:\/\/telediarioqueretaro.co\/wp-content\/uploads\/2024\/06\/image-14-300x214.png 300w\" sizes=\"auto, (max-width: 585px) 100vw, 585px\" \/><\/figure>\n\n\n\n<p>La Universidad Nacional Aut\u00f3noma de M\u00e9xico (UNAM), a trav\u00e9s del Centro de F\u00edsica Aplicada y Tecnolog\u00eda Avanzada (CFATA) Campus Juriquilla, destac\u00f3 que el Programa de Resultados Electorales Preliminares (PREP) implementado por el Instituto Electoral del Estado de Quer\u00e9taro (IEEQ) en el Proceso Electoral Local 2023-2024 oper\u00f3 de manera exitosa y sin contratiempos.<\/p>\n\n\n\n<p>Lo anterior, al hacer entrega como ente auditor del \u201cInforme final de evaluaci\u00f3n de la operaci\u00f3n del Programa de Resultados Electorales Preliminares de Quer\u00e9taro 2023-2024\u201d.<\/p>\n\n\n\n<p>En las instalaciones del organismo electoral, la consejera presidenta Grisel Mu\u00f1iz Rodr\u00edguez se\u00f1al\u00f3 que con la presentaci\u00f3n del informe se da cumplimiento al convenio suscrito con la m\u00e1xima casa de estudios del pa\u00eds, en los t\u00e9rminos que establece la normatividad en la materia.<\/p>\n\n\n\n<p>\u201cQuiero destacar que, el d\u00eda de la jornada electoral, el PREP funcion\u00f3 adecuadamente, ya que proporcion\u00f3 la informaci\u00f3n sobre los resultados de la votaci\u00f3n de manera oportuna y gener\u00f3 certeza a la ciudadan\u00eda\u201d, indic\u00f3.<\/p>\n\n\n\n<p>Del mismo modo, Jos\u00e9 Luis Arag\u00f3n Vera, presidente del Consejo de Direcci\u00f3n y Director del CFATA, reconoci\u00f3 el trabajo del Instituto en la implementaci\u00f3n del PREP, as\u00ed como de quienes llevaron a cabo la auditor\u00eda inform\u00e1tica.<\/p>\n\n\n\n<p>\u201cConsidero que la operaci\u00f3n del programa fue todo un \u00e9xito. Las y los queretanos tienen que reconocer el gran esfuerzo de ustedes y del Instituto\u201d, afirm\u00f3.<\/p>\n\n\n\n<p>Ra\u00fal Islas Matadamas, director de Tecnolog\u00edas de la Informaci\u00f3n del IEEQ, detall\u00f3 que la auditor\u00eda consisti\u00f3 en una revisi\u00f3n minuciosa a la infraestructura y los sistemas inform\u00e1ticos del PREP.<\/p>\n\n\n\n<p>\u201cFue un ejercicio exitoso, ya que no hubo inconvenientes y los resultados saltan a la vista\u201d, apunt\u00f3 el funcionario, quien agradeci\u00f3 la colaboraci\u00f3n de la UNAM como aliada estrat\u00e9gica y del personal que intervino en la operaci\u00f3n del programa.<\/p>\n\n\n\n<p>El presidente de la Comisi\u00f3n Transitoria del PREP, consejero Jos\u00e9 Eugenio Plascencia Zaraz\u00faa, agradeci\u00f3 a la instituci\u00f3n educativa el constante apoyo brindado al Instituto y encabez\u00f3 la entrega de reconocimientos a sus representantes.<\/p>\n\n\n\n<p>De acuerdo con el informe entregado, las pruebas de caja negra mostraron que el PREP del IEEQ era funcional y, durante la jornada electoral, se corrobor\u00f3 que el programa se mantuvo transmitiendo de manera constante durante las casi 15 horas de operaci\u00f3n.<\/p>\n\n\n\n<p>En el acto protocolario participaron Guillermo V\u00e1zquez S\u00e1nchez, t\u00e9cnico acad\u00e9mico del CFATA; Roxana Yareli S\u00e1nchez Salinas, auditora del PREP; las consejeras Karla Isabel Olvera Moreno y Mar\u00eda P\u00e9rez Cepeda; el consejero Carlos Rub\u00e9n Eguiarte Mereles; el secretario ejecutivo, Juan Ulises Hern\u00e1ndez Castro, as\u00ed como el administrador del PREP, Esa\u00fa Alvarado Rodr\u00edguez.<\/p>\n","protected":false},"excerpt":{"rendered":"<p>La Universidad Nacional Aut\u00f3noma de M\u00e9xico (UNAM), a trav\u00e9s del Centro de F\u00edsica Aplicada y Tecnolog\u00eda Avanzada (CFATA) Campus Juriquilla, destac\u00f3 que el Programa de Resultados Electorales Preliminares (PREP) implementado por el Instituto Electoral del Estado de Quer\u00e9taro (IEEQ) en el Proceso Electoral Local 2023-2024 oper\u00f3 de manera exitosa y [&hellip;]<\/p>\n","protected":false},"author":2,"featured_media":3776,"comment_status":"open","ping_status":"open","sticky":false,"template":"","format":"standard","meta":{"footnotes":""},"categories":[1],"tags":[],"class_list":["post-3775","post","type-post","status-publish","format-standard","has-post-thumbnail","hentry","category-sin-categoria"],"_links":{"self":[{"href":"https:\/\/telediarioqueretaro.co\/index.php?rest_route=\/wp\/v2\/posts\/3775","targetHints":{"allow":["GET"]}}],"collection":[{"href":"https:\/\/telediarioqueretaro.co\/index.php?rest_route=\/wp\/v2\/posts"}],"about":[{"href":"https:\/\/telediarioqueretaro.co\/index.php?rest_route=\/wp\/v2\/types\/post"}],"author":[{"embeddable":true,"href":"https:\/\/telediarioqueretaro.co\/index.php?rest_route=\/wp\/v2\/users\/2"}],"replies":[{"embeddable":true,"href":"https:\/\/telediarioqueretaro.co\/index.php?rest_route=%2Fwp%2Fv2%2Fcomments&post=3775"}],"version-history":[{"count":1,"href":"https:\/\/telediarioqueretaro.co\/index.php?rest_route=\/wp\/v2\/posts\/3775\/revisions"}],"predecessor-version":[{"id":3777,"href":"https:\/\/telediarioqueretaro.co\/index.php?rest_route=\/wp\/v2\/posts\/3775\/revisions\/3777"}],"wp:featuredmedia":[{"embeddable":true,"href":"https:\/\/telediarioqueretaro.co\/index.php?rest_route=\/wp\/v2\/media\/3776"}],"wp:attachment":[{"href":"https:\/\/telediarioqueretaro.co\/index.php?rest_route=%2Fwp%2Fv2%2Fmedia&parent=3775"}],"wp:term":[{"taxonomy":"category","embeddable":true,"href":"https:\/\/telediarioqueretaro.co\/index.php?rest_route=%2Fwp%2Fv2%2Fcategories&post=3775"},{"taxonomy":"post_tag","embeddable":true,"href":"https:\/\/telediarioqueretaro.co\/index.php?rest_route=%2Fwp%2Fv2%2Ftags&post=3775"}],"curies":[{"name":"wp","href":"https:\/\/api.w.org\/{rel}","templated":true}]}}