{"id":3790,"date":"2024-06-20T01:17:35","date_gmt":"2024-06-20T01:17:35","guid":{"rendered":"https:\/\/telediarioqueretaro.co\/?p=3790"},"modified":"2024-06-26T01:18:07","modified_gmt":"2024-06-26T01:18:07","slug":"atento-el-municipio-de-queretaro-ante-las-lluvias","status":"publish","type":"post","link":"https:\/\/telediarioqueretaro.co\/?p=3790","title":{"rendered":"Atento El Municipio De Quer\u00e9taro Ante Las Lluvias"},"content":{"rendered":"\n<figure class=\"wp-block-image size-large\"><img loading=\"lazy\" decoding=\"async\" width=\"1024\" height=\"543\" src=\"https:\/\/telediarioqueretaro.co\/wp-content\/uploads\/2024\/06\/image-19-1024x543.png\" alt=\"\" class=\"wp-image-3791\" srcset=\"https:\/\/telediarioqueretaro.co\/wp-content\/uploads\/2024\/06\/image-19-1024x543.png 1024w, https:\/\/telediarioqueretaro.co\/wp-content\/uploads\/2024\/06\/image-19-300x159.png 300w, https:\/\/telediarioqueretaro.co\/wp-content\/uploads\/2024\/06\/image-19-768x407.png 768w, https:\/\/telediarioqueretaro.co\/wp-content\/uploads\/2024\/06\/image-19.png 1210w\" sizes=\"auto, (max-width: 1024px) 100vw, 1024px\" \/><\/figure>\n\n\n\n<p>El Municipio de Quer\u00e9taro, a trav\u00e9s de la Coordinaci\u00f3n Municipal de Protecci\u00f3n Civil, informa que desde la tarde de ayer y hasta este momento que se mantiene una lluvia generalizada en la ciudad, mantiene un operativo preventivo y de supervisi\u00f3n para procurar la integridad de las personas y sus bienes.<\/p>\n\n\n\n<p>Durante la tarde, noche y madrugada, personal de Protecci\u00f3n Civil, Seguridad P\u00fablica Municipal, Servicios P\u00fablicos, Obras P\u00fablicas y de las Delegaciones, recorren los puntos susceptibles de afectaciones por lluvias y supervisan el funcionamiento de drenes y dem\u00e1s infraestructura pluvial, de tal manera que al momento s\u00f3lo se reportan escurrimientos de material s\u00f3lido en la calzada de Los Arcos, encharcamientos a nivel de banqueta en la avenida Bel\u00e9n y Sombrerete, as\u00ed como retorno de agua del drenaje sanitario agua en algunas patios de viviendas en la colonia Fundadores, afortunadamente sin registrar afectaciones.<\/p>\n\n\n\n<p>Protecci\u00f3n Civil Municipal informa que se mantiene el operativo tambi\u00e9n en coordinaci\u00f3n con las autoridades estatales, y hace el llamado a la poblaci\u00f3n para que tenga precauci\u00f3n en sus traslados esta ma\u00f1ana, tanto para los peatones como para los automovilistas y salgan con tiempo a sus destinos.<\/p>\n\n\n\n<p>El Municipio de Queretaro opera bajo la estrategia de prevenci\u00f3n para la temporada de lluvias, que procur\u00f3 desde finales del a\u00f1o pasado la limpieza y correcto funcionamiento de la infraestructura pluvial, a la que invita a participar a la poblaci\u00f3n, evitando por ejemplo tirar basura en las calles o al interior de los drenes.<\/p>\n\n\n\n<p>La tormenta Tropical \u201cAlberto\u201d impulsa Aire mar\u00edtimo tropical proveniente del Golfo de M\u00e9xico, provoca cielo nublado en el Municipio de Quer\u00e9taro con lluvias de ligeras a ocasionalmente moderadas del tipo gotas ocasionales, llovizna y lluvia en forma intermitente sobre la mayor parte<br>de nuestro municipio.<\/p>\n\n\n\n<p>Las precipitaciones se registraron en promedio de 9.7 mm, siendo la m\u00e1xima precipitaci\u00f3n registrada sobre la porci\u00f3n oriental de la ciudad con 16.4 mm en un promedio de 12 horas. (Antiguo Aeropuerto).<\/p>\n","protected":false},"excerpt":{"rendered":"<p>El Municipio de Quer\u00e9taro, a trav\u00e9s de la Coordinaci\u00f3n Municipal de Protecci\u00f3n Civil, informa que desde la tarde de ayer y hasta este momento que se mantiene una lluvia generalizada en la ciudad, mantiene un operativo preventivo y de supervisi\u00f3n para procurar la integridad de las personas y sus bienes. [&hellip;]<\/p>\n","protected":false},"author":2,"featured_media":3791,"comment_status":"open","ping_status":"open","sticky":false,"template":"","format":"standard","meta":{"footnotes":""},"categories":[1],"tags":[],"class_list":["post-3790","post","type-post","status-publish","format-standard","has-post-thumbnail","hentry","category-sin-categoria"],"_links":{"self":[{"href":"https:\/\/telediarioqueretaro.co\/index.php?rest_route=\/wp\/v2\/posts\/3790","targetHints":{"allow":["GET"]}}],"collection":[{"href":"https:\/\/telediarioqueretaro.co\/index.php?rest_route=\/wp\/v2\/posts"}],"about":[{"href":"https:\/\/telediarioqueretaro.co\/index.php?rest_route=\/wp\/v2\/types\/post"}],"author":[{"embeddable":true,"href":"https:\/\/telediarioqueretaro.co\/index.php?rest_route=\/wp\/v2\/users\/2"}],"replies":[{"embeddable":true,"href":"https:\/\/telediarioqueretaro.co\/index.php?rest_route=%2Fwp%2Fv2%2Fcomments&post=3790"}],"version-history":[{"count":1,"href":"https:\/\/telediarioqueretaro.co\/index.php?rest_route=\/wp\/v2\/posts\/3790\/revisions"}],"predecessor-version":[{"id":3792,"href":"https:\/\/telediarioqueretaro.co\/index.php?rest_route=\/wp\/v2\/posts\/3790\/revisions\/3792"}],"wp:featuredmedia":[{"embeddable":true,"href":"https:\/\/telediarioqueretaro.co\/index.php?rest_route=\/wp\/v2\/media\/3791"}],"wp:attachment":[{"href":"https:\/\/telediarioqueretaro.co\/index.php?rest_route=%2Fwp%2Fv2%2Fmedia&parent=3790"}],"wp:term":[{"taxonomy":"category","embeddable":true,"href":"https:\/\/telediarioqueretaro.co\/index.php?rest_route=%2Fwp%2Fv2%2Fcategories&post=3790"},{"taxonomy":"post_tag","embeddable":true,"href":"https:\/\/telediarioqueretaro.co\/index.php?rest_route=%2Fwp%2Fv2%2Ftags&post=3790"}],"curies":[{"name":"wp","href":"https:\/\/api.w.org\/{rel}","templated":true}]}}