{"id":38,"date":"2023-03-26T21:51:48","date_gmt":"2023-03-26T21:51:48","guid":{"rendered":"https:\/\/telediarioqueretaro.co\/?p=38"},"modified":"2023-03-26T21:51:48","modified_gmt":"2023-03-26T21:51:48","slug":"ariadne-diaz-ha-renunciado-a-su-papel-protagonico-en-una-proxima-produccion","status":"publish","type":"post","link":"https:\/\/telediarioqueretaro.co\/?p=38","title":{"rendered":"Ariadne D\u00edaz ha renunciado a su papel protag\u00f3nico en una pr\u00f3xima producci\u00f3n."},"content":{"rendered":"<div class=\"wp-block-image\">\n<figure class=\"aligncenter size-full\"><img loading=\"lazy\" decoding=\"async\" width=\"441\" height=\"256\" src=\"https:\/\/telediarioqueretaro.co\/wp-content\/uploads\/2023\/03\/1-81.png\" alt=\"\" class=\"wp-image-39\" srcset=\"https:\/\/telediarioqueretaro.co\/wp-content\/uploads\/2023\/03\/1-81.png 441w, https:\/\/telediarioqueretaro.co\/wp-content\/uploads\/2023\/03\/1-81-300x174.png 300w\" sizes=\"auto, (max-width: 441px) 100vw, 441px\" \/><\/figure><\/div>\n\n\n<p>Recientemente se dio a conocer que la telenovela &#8220;La Patrona&#8221;, transmitida originalmente por Telemundo en 2013, tendr\u00eda una nueva versi\u00f3n producida por Televisa. Se filtr\u00f3 que los actores Ariadne D\u00edaz y Osvaldo de Le\u00f3n ser\u00edan los protagonistas de esta nueva versi\u00f3n, lo que gener\u00f3 gran expectativa entre los fans de las telenovelas.<\/p>\n\n\n\n<p>Sin embargo, Aurora Valle, quien se encuentra muy involucrada en el mundo de las telenovelas, revel\u00f3 que Ariadne D\u00edaz hab\u00eda renunciado al protag\u00f3nico de la telenovela. Esto lo supo directamente del productor Pedro Ortiz de Pinedo, quien est\u00e1 a cargo del proyecto de la nueva versi\u00f3n de &#8220;La Patrona&#8221; en Televisa.<\/p>\n\n\n\n<p>Ante esta situaci\u00f3n, el programa &#8220;Hoy&#8221; inform\u00f3 que la actriz Danna Garc\u00eda hab\u00eda realizado pruebas para el personaje protag\u00f3nico, lo que podr\u00eda significar su regreso a las telenovelas mexicanas. Danna Garc\u00eda es una actriz colombiana que ha participado en diversas producciones de televisi\u00f3n, tanto en su pa\u00eds natal como en M\u00e9xico.<\/p>\n\n\n\n<p>Cabe destacar que &#8220;La Patrona&#8221; fue una telenovela muy exitosa en su momento, protagonizada por Aracely Ar\u00e1mbula y Jorge Luis Pila. La trama cuenta la historia de una mujer llamada Gabriela Su\u00e1rez, quien es acusada de un crimen que no cometi\u00f3 y debe luchar por demostrar su inocencia y recuperar a su hija.<\/p>\n\n\n\n<p>Aunque Televisa ya ten\u00eda supuestamente a sus protagonistas para esta nueva versi\u00f3n de &#8220;La Patrona&#8221;, la renuncia de Ariadne D\u00edaz ha generado incertidumbre en torno a qui\u00e9n ser\u00e1 el nuevo protagonista junto a Osvaldo de Le\u00f3n. Lo que est\u00e1 claro es que los fan\u00e1ticos de las telenovelas est\u00e1n ansiosos por conocer m\u00e1s detalles sobre esta producci\u00f3n que promete ser un gran \u00e9xito en la televisi\u00f3n mexicana.<\/p>\n","protected":false},"excerpt":{"rendered":"<p>Recientemente se dio a conocer que la telenovela &#8220;La Patrona&#8221;, transmitida originalmente por Telemundo en 2013, tendr\u00eda una nueva versi\u00f3n producida por Televisa. Se filtr\u00f3 que los actores Ariadne D\u00edaz y Osvaldo de Le\u00f3n ser\u00edan los protagonistas de esta nueva versi\u00f3n, lo que gener\u00f3 gran expectativa entre los fans de [&hellip;]<\/p>\n","protected":false},"author":1,"featured_media":39,"comment_status":"open","ping_status":"open","sticky":false,"template":"","format":"standard","meta":{"footnotes":""},"categories":[1],"tags":[],"class_list":["post-38","post","type-post","status-publish","format-standard","has-post-thumbnail","hentry","category-sin-categoria"],"_links":{"self":[{"href":"https:\/\/telediarioqueretaro.co\/index.php?rest_route=\/wp\/v2\/posts\/38","targetHints":{"allow":["GET"]}}],"collection":[{"href":"https:\/\/telediarioqueretaro.co\/index.php?rest_route=\/wp\/v2\/posts"}],"about":[{"href":"https:\/\/telediarioqueretaro.co\/index.php?rest_route=\/wp\/v2\/types\/post"}],"author":[{"embeddable":true,"href":"https:\/\/telediarioqueretaro.co\/index.php?rest_route=\/wp\/v2\/users\/1"}],"replies":[{"embeddable":true,"href":"https:\/\/telediarioqueretaro.co\/index.php?rest_route=%2Fwp%2Fv2%2Fcomments&post=38"}],"version-history":[{"count":1,"href":"https:\/\/telediarioqueretaro.co\/index.php?rest_route=\/wp\/v2\/posts\/38\/revisions"}],"predecessor-version":[{"id":40,"href":"https:\/\/telediarioqueretaro.co\/index.php?rest_route=\/wp\/v2\/posts\/38\/revisions\/40"}],"wp:featuredmedia":[{"embeddable":true,"href":"https:\/\/telediarioqueretaro.co\/index.php?rest_route=\/wp\/v2\/media\/39"}],"wp:attachment":[{"href":"https:\/\/telediarioqueretaro.co\/index.php?rest_route=%2Fwp%2Fv2%2Fmedia&parent=38"}],"wp:term":[{"taxonomy":"category","embeddable":true,"href":"https:\/\/telediarioqueretaro.co\/index.php?rest_route=%2Fwp%2Fv2%2Fcategories&post=38"},{"taxonomy":"post_tag","embeddable":true,"href":"https:\/\/telediarioqueretaro.co\/index.php?rest_route=%2Fwp%2Fv2%2Ftags&post=38"}],"curies":[{"name":"wp","href":"https:\/\/api.w.org\/{rel}","templated":true}]}}