{"id":3805,"date":"2024-06-27T15:43:00","date_gmt":"2024-06-27T15:43:00","guid":{"rendered":"https:\/\/telediarioqueretaro.co\/?p=3805"},"modified":"2024-06-27T13:44:23","modified_gmt":"2024-06-27T13:44:23","slug":"queretaro-sigue-creciendo-a-traves-del-sistema-de-economia-circular","status":"publish","type":"post","link":"https:\/\/telediarioqueretaro.co\/?p=3805","title":{"rendered":"Quer\u00e9taro Sigue Creciendo A Trav\u00e9s Del Sistema De Econom\u00eda Circular"},"content":{"rendered":"\n<figure class=\"wp-block-image size-large\"><img loading=\"lazy\" decoding=\"async\" width=\"1024\" height=\"543\" src=\"https:\/\/telediarioqueretaro.co\/wp-content\/uploads\/2024\/06\/image-23-1024x543.png\" alt=\"\" class=\"wp-image-3806\" srcset=\"https:\/\/telediarioqueretaro.co\/wp-content\/uploads\/2024\/06\/image-23-1024x543.png 1024w, https:\/\/telediarioqueretaro.co\/wp-content\/uploads\/2024\/06\/image-23-300x159.png 300w, https:\/\/telediarioqueretaro.co\/wp-content\/uploads\/2024\/06\/image-23-768x407.png 768w, https:\/\/telediarioqueretaro.co\/wp-content\/uploads\/2024\/06\/image-23.png 1210w\" sizes=\"auto, (max-width: 1024px) 100vw, 1024px\" \/><\/figure>\n\n\n\n<p>El titular de la Secretar\u00eda de Desarrollo Sustentable (SEDESU), Marco Antonio Del Prete Tercero, encabez\u00f3 la presentaci\u00f3n de los resultados de la segunda Cadena de Descarbonizaci\u00f3n del Sistema de Econom\u00eda Circular, evento en el que destac\u00f3 que a trav\u00e9s de los 25 proyectos formulados se dejar\u00e1n de emitir m\u00e1s de 13 mil 134 toneladas de CO2 cada a\u00f1o.<\/p>\n\n\n\n<p>Con la participaci\u00f3n de 10 empresas se capacit\u00f3 a 33 colaboradores, quienes se encargaron del dise\u00f1o de distintos planes para crear beneficios econ\u00f3micos anuales por m\u00e1s de 256 millones de pesos para las compa\u00f1\u00edas, y el equivalente a dejar de emitir lo generado por casi tres mil veh\u00edculos cada a\u00f1o.<\/p>\n\n\n\n<p>\u201cLo relevante es que soluciones muy sencillas, en algunos de los casos, est\u00e1n dando grandes resultados, este es un trabajo colaborativo en el que 14 mil toneladas de CO2 se dejar\u00e1n de emitir, es un esfuerzo importante en el que se reafirma la misi\u00f3n de la SEDESU impulsar el crecimiento econ\u00f3mico del estado a trav\u00e9s del cuidado del medio ambiente\u201d, puntualiz\u00f3.<\/p>\n\n\n\n<p>Adem\u00e1s, el titular de la SEDESU inform\u00f3 a los presentes que el impulso del sistema se trata de que sigan produciendo mucho, que tengan beneficios econ\u00f3micos, que se generen empleos y riqueza en el mediano y largo plazo, pero no a costa del impacto al medio ambiente y el trabajo de la secretar\u00eda es que las empresas sean competitivas en un entorno global.<\/p>\n\n\n\n<p>El presidente de Hitachi Astemo M\u00e9xico, Masanori Ueda, destac\u00f3 que de las seis plantas con las que cuenta la compa\u00f1\u00eda, la instalada en Quer\u00e9taro se distingue por ser un sitio clave, ya que cuenta con el mayor n\u00famero de personal y de ventas; adem\u00e1s de mostrar su compromiso con el cuidado del entorno natural.<\/p>\n\n\n\n<p>\u201cEl cuidado del medio ambiente es una actividad indispensable, es para nosotros un reto y misi\u00f3n que las generaciones actuales transmitan esta responsabilidad a las generaciones futuras, esperamos que este repaso de actividades amigables con el medio ambiente que ha desarrollado la planta de Quer\u00e9taro sea de su mayor agrado\u201d, se\u00f1al\u00f3.<\/p>\n\n\n\n<p>En el evento tambi\u00e9n se cont\u00f3 con la participaci\u00f3n del director del Cluster Automotriz de Quer\u00e9taro, Daniel Hern\u00e1ndez Camacho; de la facilitadora L\u00edder del Sistema de Econom\u00eda Circular, Ericka Ingrid Liz\u00e1rraga del R\u00edo; del director del Centro de Ecolog\u00eda y Cambio Clim\u00e1tico, Miguel Le\u00f3n Silva; y del director de Planeaci\u00f3n Ambiental, Jes\u00fas Augusto Cervantes Salazar.<\/p>\n","protected":false},"excerpt":{"rendered":"<p>El titular de la Secretar\u00eda de Desarrollo Sustentable (SEDESU), Marco Antonio Del Prete Tercero, encabez\u00f3 la presentaci\u00f3n de los resultados de la segunda Cadena de Descarbonizaci\u00f3n del Sistema de Econom\u00eda Circular, evento en el que destac\u00f3 que a trav\u00e9s de los 25 proyectos formulados se dejar\u00e1n de emitir m\u00e1s de [&hellip;]<\/p>\n","protected":false},"author":2,"featured_media":3806,"comment_status":"open","ping_status":"open","sticky":false,"template":"","format":"standard","meta":{"footnotes":""},"categories":[1],"tags":[],"class_list":["post-3805","post","type-post","status-publish","format-standard","has-post-thumbnail","hentry","category-sin-categoria"],"_links":{"self":[{"href":"https:\/\/telediarioqueretaro.co\/index.php?rest_route=\/wp\/v2\/posts\/3805","targetHints":{"allow":["GET"]}}],"collection":[{"href":"https:\/\/telediarioqueretaro.co\/index.php?rest_route=\/wp\/v2\/posts"}],"about":[{"href":"https:\/\/telediarioqueretaro.co\/index.php?rest_route=\/wp\/v2\/types\/post"}],"author":[{"embeddable":true,"href":"https:\/\/telediarioqueretaro.co\/index.php?rest_route=\/wp\/v2\/users\/2"}],"replies":[{"embeddable":true,"href":"https:\/\/telediarioqueretaro.co\/index.php?rest_route=%2Fwp%2Fv2%2Fcomments&post=3805"}],"version-history":[{"count":1,"href":"https:\/\/telediarioqueretaro.co\/index.php?rest_route=\/wp\/v2\/posts\/3805\/revisions"}],"predecessor-version":[{"id":3807,"href":"https:\/\/telediarioqueretaro.co\/index.php?rest_route=\/wp\/v2\/posts\/3805\/revisions\/3807"}],"wp:featuredmedia":[{"embeddable":true,"href":"https:\/\/telediarioqueretaro.co\/index.php?rest_route=\/wp\/v2\/media\/3806"}],"wp:attachment":[{"href":"https:\/\/telediarioqueretaro.co\/index.php?rest_route=%2Fwp%2Fv2%2Fmedia&parent=3805"}],"wp:term":[{"taxonomy":"category","embeddable":true,"href":"https:\/\/telediarioqueretaro.co\/index.php?rest_route=%2Fwp%2Fv2%2Fcategories&post=3805"},{"taxonomy":"post_tag","embeddable":true,"href":"https:\/\/telediarioqueretaro.co\/index.php?rest_route=%2Fwp%2Fv2%2Ftags&post=3805"}],"curies":[{"name":"wp","href":"https:\/\/api.w.org\/{rel}","templated":true}]}}