{"id":3823,"date":"2024-06-29T13:25:04","date_gmt":"2024-06-29T13:25:04","guid":{"rendered":"https:\/\/telediarioqueretaro.co\/?p=3823"},"modified":"2024-07-01T13:25:41","modified_gmt":"2024-07-01T13:25:41","slug":"los-despojaron-de-sus-relojes-en-estacionamiento-de-centro-comercial","status":"publish","type":"post","link":"https:\/\/telediarioqueretaro.co\/?p=3823","title":{"rendered":"Los Despojaron De Sus Relojes En Estacionamiento De Centro Comercial"},"content":{"rendered":"\n<figure class=\"wp-block-image size-full\"><img loading=\"lazy\" decoding=\"async\" width=\"850\" height=\"560\" src=\"https:\/\/telediarioqueretaro.co\/wp-content\/uploads\/2024\/07\/image-5.png\" alt=\"\" class=\"wp-image-3824\" srcset=\"https:\/\/telediarioqueretaro.co\/wp-content\/uploads\/2024\/07\/image-5.png 850w, https:\/\/telediarioqueretaro.co\/wp-content\/uploads\/2024\/07\/image-5-300x198.png 300w, https:\/\/telediarioqueretaro.co\/wp-content\/uploads\/2024\/07\/image-5-768x506.png 768w\" sizes=\"auto, (max-width: 850px) 100vw, 850px\" \/><\/figure>\n\n\n\n<p>En esta ocasi\u00f3n, fueron dos v\u00edctimas que acudieron a H-E-B de Bernardo Quintana fueron interceptadas y amenazadas con arma de fuego en el \u00e1rea de estacionamiento. Las v\u00edctimas, quienes se trasladaban en un Mercedes color plata, fueron amagadas por dos sujetos armados y despojadas de sus relojes de alta gama, junto con sus cadenas y otras pertenencias.<\/p>\n\n\n\n<p>Las v\u00edctimas reportaron el incidente a las autoridades, y polic\u00edas municipales, actuaron como primeros respondientes, acudieron al lugar. A pesar de que se mont\u00f3 un operativo en las inmediaciones y en las entradas y salidas de la capital de Quer\u00e9taro, hasta el momento no se ha logrado la captura de los dos sujetos que huyeron a bordo de una motocicleta.<\/p>\n\n\n\n<p>Con estos dos relojes, suman 11 robos en Quer\u00e9taro en lo que va del a\u00f1o, sin que hasta ahora se hayan detenido a los responsables.<\/p>\n","protected":false},"excerpt":{"rendered":"<p>En esta ocasi\u00f3n, fueron dos v\u00edctimas que acudieron a H-E-B de Bernardo Quintana fueron interceptadas y amenazadas con arma de fuego en el \u00e1rea de estacionamiento. Las v\u00edctimas, quienes se trasladaban en un Mercedes color plata, fueron amagadas por dos sujetos armados y despojadas de sus relojes de alta gama, [&hellip;]<\/p>\n","protected":false},"author":2,"featured_media":3824,"comment_status":"open","ping_status":"open","sticky":false,"template":"","format":"standard","meta":{"footnotes":""},"categories":[1],"tags":[],"class_list":["post-3823","post","type-post","status-publish","format-standard","has-post-thumbnail","hentry","category-sin-categoria"],"_links":{"self":[{"href":"https:\/\/telediarioqueretaro.co\/index.php?rest_route=\/wp\/v2\/posts\/3823","targetHints":{"allow":["GET"]}}],"collection":[{"href":"https:\/\/telediarioqueretaro.co\/index.php?rest_route=\/wp\/v2\/posts"}],"about":[{"href":"https:\/\/telediarioqueretaro.co\/index.php?rest_route=\/wp\/v2\/types\/post"}],"author":[{"embeddable":true,"href":"https:\/\/telediarioqueretaro.co\/index.php?rest_route=\/wp\/v2\/users\/2"}],"replies":[{"embeddable":true,"href":"https:\/\/telediarioqueretaro.co\/index.php?rest_route=%2Fwp%2Fv2%2Fcomments&post=3823"}],"version-history":[{"count":1,"href":"https:\/\/telediarioqueretaro.co\/index.php?rest_route=\/wp\/v2\/posts\/3823\/revisions"}],"predecessor-version":[{"id":3825,"href":"https:\/\/telediarioqueretaro.co\/index.php?rest_route=\/wp\/v2\/posts\/3823\/revisions\/3825"}],"wp:featuredmedia":[{"embeddable":true,"href":"https:\/\/telediarioqueretaro.co\/index.php?rest_route=\/wp\/v2\/media\/3824"}],"wp:attachment":[{"href":"https:\/\/telediarioqueretaro.co\/index.php?rest_route=%2Fwp%2Fv2%2Fmedia&parent=3823"}],"wp:term":[{"taxonomy":"category","embeddable":true,"href":"https:\/\/telediarioqueretaro.co\/index.php?rest_route=%2Fwp%2Fv2%2Fcategories&post=3823"},{"taxonomy":"post_tag","embeddable":true,"href":"https:\/\/telediarioqueretaro.co\/index.php?rest_route=%2Fwp%2Fv2%2Ftags&post=3823"}],"curies":[{"name":"wp","href":"https:\/\/api.w.org\/{rel}","templated":true}]}}