{"id":3829,"date":"2024-07-02T15:43:08","date_gmt":"2024-07-02T15:43:08","guid":{"rendered":"https:\/\/telediarioqueretaro.co\/?p=3829"},"modified":"2024-07-02T15:43:09","modified_gmt":"2024-07-02T15:43:09","slug":"arranca-la-7a-edicion-de-la-escuela-de-cine-de-verano-en-la-uaq","status":"publish","type":"post","link":"https:\/\/telediarioqueretaro.co\/?p=3829","title":{"rendered":"Arranca La 7\u00aa Edici\u00f3n De La Escuela De Cine De Verano En La UAQ"},"content":{"rendered":"\n<figure class=\"wp-block-image size-full\"><img loading=\"lazy\" decoding=\"async\" width=\"720\" height=\"405\" src=\"https:\/\/telediarioqueretaro.co\/wp-content\/uploads\/2024\/07\/image-7.png\" alt=\"\" class=\"wp-image-3830\" srcset=\"https:\/\/telediarioqueretaro.co\/wp-content\/uploads\/2024\/07\/image-7.png 720w, https:\/\/telediarioqueretaro.co\/wp-content\/uploads\/2024\/07\/image-7-300x169.png 300w\" sizes=\"auto, (max-width: 720px) 100vw, 720px\" \/><\/figure>\n\n\n\n<ul class=\"wp-block-list\">\n<li>Expertos internacionales impartir\u00e1n cursos de guionismo, animaci\u00f3n, producci\u00f3n y dem\u00e1s elementos relacionados con el cine.<\/li>\n<\/ul>\n\n\n\n<p>La s\u00e9ptima Escuela de Cine de Verano (ECV) de la Universidad Aut\u00f3noma de Quer\u00e9taro (UAQ) se desarrollar\u00e1 del 01 al 12 de julio. Como parte del cat\u00e1logo de actividades de la edici\u00f3n 2024, se impartir\u00e1n ocho talleres intensivos en modalidad virtual afines a la realizaci\u00f3n cinematogr\u00e1fica, con una duraci\u00f3n total de 20 horas cada uno.<\/p>\n\n\n\n<p>El proyecto tiene como objetivo profesionalizar las distintas \u00e1reas que componen este tipo de quehacer audiovisual; el coordinador de Cinematograf\u00eda UAQ, Mtro. Rodrigo Mendoza, se\u00f1al\u00f3 que los cursos ofertados se caracterizan por ser de alto nivel educativo, al contar con la participaci\u00f3n de expertos internacionales a costos accesibles para la comunidad universitaria y el p\u00fablico general.<\/p>\n\n\n\n<p>Con su primera pr\u00e1ctica en 2018 y a lo largo de siete a\u00f1os ininterrumpidos, un total de 400 personas han cursado los distintos talleres impartidos por la ECV, dirigidos tanto a quienes est\u00e1n interesados por incursionar en la realizaci\u00f3n cinematogr\u00e1fica, como a aquellos que tienen mayor expertise y buscan especializarse en el s\u00e9ptimo arte.<\/p>\n\n\n\n<p>Entre las actividades virtuales del programa 2024 se encuentran talleres y seminarios sobre guionismo, direcci\u00f3n y producci\u00f3n; desarrollo de narrativas cinematogr\u00e1ficas para redes sociales; animaci\u00f3n digital; manejo b\u00e1sico y especializado del software DaVinci Resolve; y relaciones p\u00fablicas para la presentaci\u00f3n de proyectos y desenvolvimiento en el medio art\u00edstico.<\/p>\n\n\n\n<p>La ECV de este a\u00f1o cuenta con la colaboraci\u00f3n de talleristas expertos de M\u00e9xico y Argentina. Con siete generaciones ha evolucionado conforme a las necesidades del entorno, en un primer momento las actividades ofertadas eran exclusivas del formato presencial, sin embargo, el proyecto tambi\u00e9n se adapt\u00f3 a modalidad virtual. En el siguiente enlace se puede consultar el programa&nbsp;<a href=\"https:\/\/na01.safelinks.protection.outlook.com\/?url=https%3A%2F%2Fuaq.us18.list-manage.com%2Ftrack%2Fclick%3Fu%3D120c6bc278c139c0aaef02a1a%26id%3D93018fcda5%26e%3D6e3d1497ea&amp;data=05%7C02%7C%7Cd58f7d67fd754a79c10608dc9a084b92%7C84df9e7fe9f640afb435aaaaaaaaaaaa%7C1%7C0%7C638554607640695302%7CUnknown%7CTWFpbGZsb3d8eyJWIjoiMC4wLjAwMDAiLCJQIjoiV2luMzIiLCJBTiI6Ik1haWwiLCJXVCI6Mn0%3D%7C0%7C%7C%7C&amp;sdata=vqLqpcvG75ATbvJgBzFnAVUX2dClMIy7oE%2FPKGfZgb4%3D&amp;reserved=0\">https:\/\/www.facebook.com\/share\/p\/wzECDMdigXgyzPQT\/<\/a>.<\/p>\n","protected":false},"excerpt":{"rendered":"<p>La s\u00e9ptima Escuela de Cine de Verano (ECV) de la Universidad Aut\u00f3noma de Quer\u00e9taro (UAQ) se desarrollar\u00e1 del 01 al 12 de julio. Como parte del cat\u00e1logo de actividades de la edici\u00f3n 2024, se impartir\u00e1n ocho talleres intensivos en modalidad virtual afines a la realizaci\u00f3n cinematogr\u00e1fica, con una duraci\u00f3n total [&hellip;]<\/p>\n","protected":false},"author":2,"featured_media":3830,"comment_status":"open","ping_status":"open","sticky":false,"template":"","format":"standard","meta":{"footnotes":""},"categories":[1],"tags":[],"class_list":["post-3829","post","type-post","status-publish","format-standard","has-post-thumbnail","hentry","category-sin-categoria"],"_links":{"self":[{"href":"https:\/\/telediarioqueretaro.co\/index.php?rest_route=\/wp\/v2\/posts\/3829","targetHints":{"allow":["GET"]}}],"collection":[{"href":"https:\/\/telediarioqueretaro.co\/index.php?rest_route=\/wp\/v2\/posts"}],"about":[{"href":"https:\/\/telediarioqueretaro.co\/index.php?rest_route=\/wp\/v2\/types\/post"}],"author":[{"embeddable":true,"href":"https:\/\/telediarioqueretaro.co\/index.php?rest_route=\/wp\/v2\/users\/2"}],"replies":[{"embeddable":true,"href":"https:\/\/telediarioqueretaro.co\/index.php?rest_route=%2Fwp%2Fv2%2Fcomments&post=3829"}],"version-history":[{"count":1,"href":"https:\/\/telediarioqueretaro.co\/index.php?rest_route=\/wp\/v2\/posts\/3829\/revisions"}],"predecessor-version":[{"id":3831,"href":"https:\/\/telediarioqueretaro.co\/index.php?rest_route=\/wp\/v2\/posts\/3829\/revisions\/3831"}],"wp:featuredmedia":[{"embeddable":true,"href":"https:\/\/telediarioqueretaro.co\/index.php?rest_route=\/wp\/v2\/media\/3830"}],"wp:attachment":[{"href":"https:\/\/telediarioqueretaro.co\/index.php?rest_route=%2Fwp%2Fv2%2Fmedia&parent=3829"}],"wp:term":[{"taxonomy":"category","embeddable":true,"href":"https:\/\/telediarioqueretaro.co\/index.php?rest_route=%2Fwp%2Fv2%2Fcategories&post=3829"},{"taxonomy":"post_tag","embeddable":true,"href":"https:\/\/telediarioqueretaro.co\/index.php?rest_route=%2Fwp%2Fv2%2Ftags&post=3829"}],"curies":[{"name":"wp","href":"https:\/\/api.w.org\/{rel}","templated":true}]}}