{"id":3838,"date":"2024-07-06T17:36:15","date_gmt":"2024-07-06T17:36:15","guid":{"rendered":"https:\/\/telediarioqueretaro.co\/?p=3838"},"modified":"2024-07-06T17:36:16","modified_gmt":"2024-07-06T17:36:16","slug":"comparte-liliana-san-martin-acciones-de-la-st-con-la-fecapeq","status":"publish","type":"post","link":"https:\/\/telediarioqueretaro.co\/?p=3838","title":{"rendered":"Comparte Liliana San Mart\u00edn Acciones De La ST Con La FECAPEQ"},"content":{"rendered":"\n<figure class=\"wp-block-image size-large\"><img loading=\"lazy\" decoding=\"async\" width=\"1024\" height=\"543\" src=\"https:\/\/telediarioqueretaro.co\/wp-content\/uploads\/2024\/07\/image-9-1024x543.png\" alt=\"\" class=\"wp-image-3839\" srcset=\"https:\/\/telediarioqueretaro.co\/wp-content\/uploads\/2024\/07\/image-9-1024x543.png 1024w, https:\/\/telediarioqueretaro.co\/wp-content\/uploads\/2024\/07\/image-9-300x159.png 300w, https:\/\/telediarioqueretaro.co\/wp-content\/uploads\/2024\/07\/image-9-768x407.png 768w, https:\/\/telediarioqueretaro.co\/wp-content\/uploads\/2024\/07\/image-9.png 1210w\" sizes=\"auto, (max-width: 1024px) 100vw, 1024px\" \/><\/figure>\n\n\n\n<p>La titular de la Secretar\u00eda del Trabajo (ST), Liliana San Mart\u00edn Castillo, asisti\u00f3 a la octava asamblea general ordinaria del Consejo Directivo de la Federaci\u00f3n de Colegios y Asociaciones de Profesionistas del Estado de Quer\u00e9taro (FECAPEQ), durante la cual tuvo oportunidad de compartir las diversas estrategias que se ejecutan desde la dependencia estatal para impulsar la empleabilidad de las y los queretanos, as\u00ed como para fortalecer la vinculaci\u00f3n con el mercado laboral actual.<\/p>\n\n\n\n<p>San Mart\u00edn Castillo habl\u00f3 sobre el Programa Estatal de Empleo y la Asamblea para la construcci\u00f3n de mejores laborales, as\u00ed tambi\u00e9n agradeci\u00f3 al presidente de la FECAPEQ, Ofir Arag\u00f3n Nieves, por la invitaci\u00f3n al espacio de di\u00e1logo; adem\u00e1s reconoci\u00f3 la labor de esta federaci\u00f3n para apoyar y fortalecer a los colegios y asociaciones respecto a su profesi\u00f3n, otorgando informaci\u00f3n integral que ayude en la actualizaci\u00f3n tecnol\u00f3gica que cada especialidad les exige transform\u00e1ndose en beneficios para la sociedad.<\/p>\n","protected":false},"excerpt":{"rendered":"<p>La titular de la Secretar\u00eda del Trabajo (ST), Liliana San Mart\u00edn Castillo, asisti\u00f3 a la octava asamblea general ordinaria del Consejo Directivo de la Federaci\u00f3n de Colegios y Asociaciones de Profesionistas del Estado de Quer\u00e9taro (FECAPEQ), durante la cual tuvo oportunidad de compartir las diversas estrategias que se ejecutan desde [&hellip;]<\/p>\n","protected":false},"author":2,"featured_media":3839,"comment_status":"open","ping_status":"open","sticky":false,"template":"","format":"standard","meta":{"footnotes":""},"categories":[1],"tags":[],"class_list":["post-3838","post","type-post","status-publish","format-standard","has-post-thumbnail","hentry","category-sin-categoria"],"_links":{"self":[{"href":"https:\/\/telediarioqueretaro.co\/index.php?rest_route=\/wp\/v2\/posts\/3838","targetHints":{"allow":["GET"]}}],"collection":[{"href":"https:\/\/telediarioqueretaro.co\/index.php?rest_route=\/wp\/v2\/posts"}],"about":[{"href":"https:\/\/telediarioqueretaro.co\/index.php?rest_route=\/wp\/v2\/types\/post"}],"author":[{"embeddable":true,"href":"https:\/\/telediarioqueretaro.co\/index.php?rest_route=\/wp\/v2\/users\/2"}],"replies":[{"embeddable":true,"href":"https:\/\/telediarioqueretaro.co\/index.php?rest_route=%2Fwp%2Fv2%2Fcomments&post=3838"}],"version-history":[{"count":1,"href":"https:\/\/telediarioqueretaro.co\/index.php?rest_route=\/wp\/v2\/posts\/3838\/revisions"}],"predecessor-version":[{"id":3840,"href":"https:\/\/telediarioqueretaro.co\/index.php?rest_route=\/wp\/v2\/posts\/3838\/revisions\/3840"}],"wp:featuredmedia":[{"embeddable":true,"href":"https:\/\/telediarioqueretaro.co\/index.php?rest_route=\/wp\/v2\/media\/3839"}],"wp:attachment":[{"href":"https:\/\/telediarioqueretaro.co\/index.php?rest_route=%2Fwp%2Fv2%2Fmedia&parent=3838"}],"wp:term":[{"taxonomy":"category","embeddable":true,"href":"https:\/\/telediarioqueretaro.co\/index.php?rest_route=%2Fwp%2Fv2%2Fcategories&post=3838"},{"taxonomy":"post_tag","embeddable":true,"href":"https:\/\/telediarioqueretaro.co\/index.php?rest_route=%2Fwp%2Fv2%2Ftags&post=3838"}],"curies":[{"name":"wp","href":"https:\/\/api.w.org\/{rel}","templated":true}]}}