{"id":3908,"date":"2024-07-18T13:31:26","date_gmt":"2024-07-18T13:31:26","guid":{"rendered":"https:\/\/telediarioqueretaro.co\/?p=3908"},"modified":"2024-07-18T13:31:26","modified_gmt":"2024-07-18T13:31:26","slug":"qrobus-tendra-nueva-ruta-de-la-pradera-a-santa-rosa-jauregui","status":"publish","type":"post","link":"https:\/\/telediarioqueretaro.co\/?p=3908","title":{"rendered":"QroB\u00fas tendr\u00e1 nueva ruta de La Pradera a Santa Rosa J\u00e1uregui"},"content":{"rendered":"\n<figure class=\"wp-block-image size-full\"><img loading=\"lazy\" decoding=\"async\" width=\"758\" height=\"505\" src=\"https:\/\/telediarioqueretaro.co\/wp-content\/uploads\/2024\/07\/image-32.png\" alt=\"\" class=\"wp-image-3909\" srcset=\"https:\/\/telediarioqueretaro.co\/wp-content\/uploads\/2024\/07\/image-32.png 758w, https:\/\/telediarioqueretaro.co\/wp-content\/uploads\/2024\/07\/image-32-300x200.png 300w\" sizes=\"auto, (max-width: 758px) 100vw, 758px\" \/><\/figure>\n\n\n\n<p>Gerardo Cuanalo Santos, Director de la Agencia de Movilidad, anunci\u00f3 que QroB\u00fas implementar\u00e1 una nueva ruta de La Pradera a Santa Rosa J\u00e1uregui.<\/p>\n\n\n\n<p>Sostuvo que a\u00fan no se tiene establecida la nomenclatura de la ruta, pero se podr\u00e1 en marcha a partir del 27 de julio.<\/p>\n\n\n\n<p>Resalt\u00f3 que el objetivo es cubrir la demanda de usuarios de esta zona con dicha ruta.<\/p>\n\n\n\n<p><a href=\"https:\/\/corregidora.gob.mx\/portal\/\" class=\"\" target=\"_blank\" rel=\"noreferrer noopener\"><\/a><\/p>\n\n\n\n<p>Cuanalo Santos, a\u00f1adi\u00f3 que esta ruta se operar\u00e1, en una primera etapa, con seis nuevas unidades para hacer las mediciones.<\/p>\n","protected":false},"excerpt":{"rendered":"<p>Gerardo Cuanalo Santos, Director de la Agencia de Movilidad, anunci\u00f3 que QroB\u00fas implementar\u00e1 una nueva ruta de La Pradera a Santa Rosa J\u00e1uregui. Sostuvo que a\u00fan no se tiene establecida la nomenclatura de la ruta, pero se podr\u00e1 en marcha a partir del 27 de julio. Resalt\u00f3 que el objetivo [&hellip;]<\/p>\n","protected":false},"author":2,"featured_media":3909,"comment_status":"open","ping_status":"open","sticky":false,"template":"","format":"standard","meta":{"footnotes":""},"categories":[1],"tags":[],"class_list":["post-3908","post","type-post","status-publish","format-standard","has-post-thumbnail","hentry","category-sin-categoria"],"_links":{"self":[{"href":"https:\/\/telediarioqueretaro.co\/index.php?rest_route=\/wp\/v2\/posts\/3908","targetHints":{"allow":["GET"]}}],"collection":[{"href":"https:\/\/telediarioqueretaro.co\/index.php?rest_route=\/wp\/v2\/posts"}],"about":[{"href":"https:\/\/telediarioqueretaro.co\/index.php?rest_route=\/wp\/v2\/types\/post"}],"author":[{"embeddable":true,"href":"https:\/\/telediarioqueretaro.co\/index.php?rest_route=\/wp\/v2\/users\/2"}],"replies":[{"embeddable":true,"href":"https:\/\/telediarioqueretaro.co\/index.php?rest_route=%2Fwp%2Fv2%2Fcomments&post=3908"}],"version-history":[{"count":1,"href":"https:\/\/telediarioqueretaro.co\/index.php?rest_route=\/wp\/v2\/posts\/3908\/revisions"}],"predecessor-version":[{"id":3910,"href":"https:\/\/telediarioqueretaro.co\/index.php?rest_route=\/wp\/v2\/posts\/3908\/revisions\/3910"}],"wp:featuredmedia":[{"embeddable":true,"href":"https:\/\/telediarioqueretaro.co\/index.php?rest_route=\/wp\/v2\/media\/3909"}],"wp:attachment":[{"href":"https:\/\/telediarioqueretaro.co\/index.php?rest_route=%2Fwp%2Fv2%2Fmedia&parent=3908"}],"wp:term":[{"taxonomy":"category","embeddable":true,"href":"https:\/\/telediarioqueretaro.co\/index.php?rest_route=%2Fwp%2Fv2%2Fcategories&post=3908"},{"taxonomy":"post_tag","embeddable":true,"href":"https:\/\/telediarioqueretaro.co\/index.php?rest_route=%2Fwp%2Fv2%2Ftags&post=3908"}],"curies":[{"name":"wp","href":"https:\/\/api.w.org\/{rel}","templated":true}]}}