{"id":3926,"date":"2024-07-22T13:03:44","date_gmt":"2024-07-22T13:03:44","guid":{"rendered":"https:\/\/telediarioqueretaro.co\/?p=3926"},"modified":"2024-07-22T13:03:44","modified_gmt":"2024-07-22T13:03:44","slug":"asiste-mauricio-kuri-a-la-evaluacion-de-los-programas-de-adulto-mayor-y-personas-con-discapacidad","status":"publish","type":"post","link":"https:\/\/telediarioqueretaro.co\/?p=3926","title":{"rendered":"Asiste Mauricio Kuri A La Evaluaci\u00f3n De Los Programas De Adulto Mayor Y Personas Con Discapacidad"},"content":{"rendered":"\n<figure class=\"wp-block-image size-full\"><img loading=\"lazy\" decoding=\"async\" width=\"585\" height=\"418\" src=\"https:\/\/telediarioqueretaro.co\/wp-content\/uploads\/2024\/07\/image-38.png\" alt=\"\" class=\"wp-image-3927\" srcset=\"https:\/\/telediarioqueretaro.co\/wp-content\/uploads\/2024\/07\/image-38.png 585w, https:\/\/telediarioqueretaro.co\/wp-content\/uploads\/2024\/07\/image-38-300x214.png 300w\" sizes=\"auto, (max-width: 585px) 100vw, 585px\" \/><\/figure>\n\n\n\n<p>El gobernador, Mauricio Kuri Gonz\u00e1lez, asisti\u00f3 a la reuni\u00f3n que encabez\u00f3 el presidente de la Rep\u00fablica, Andr\u00e9s Manuel L\u00f3pez Obrador, en compa\u00f1\u00eda de la presidenta electa, Claudia Sheinbaum Pardo, con beneficiarias y beneficiarios de los programas de Adulto Mayor y Personas con Discapacidad, as\u00ed como p\u00fablico en general.<\/p>\n\n\n\n<p>Durante el encuentro, que se llev\u00f3 a cabo en el Campo de B\u00e9isbol de la Unidad Deportiva Josefa Ortiz de Dom\u00ednguez, el mandatario estatal afirm\u00f3 que el estado de Quer\u00e9taro se distingue en el pa\u00eds por ser una entidad de puertas abiertas al talento, a la inversi\u00f3n, a la innovaci\u00f3n y al trabajo, lo que ha permitido tener un crecimiento sostenido e incluyente.<\/p>\n\n\n\n<p>\u201cHemos procurado siempre, privilegiar la cooperaci\u00f3n y la coordinaci\u00f3n con los tres niveles de gobierno. Por ello, complementamos los programas sociales federales con apoyos estatales en el af\u00e1n de que la gente viva mejor y sienta el beneficio de la solidaridad del estado\u201d, se\u00f1al\u00f3.<\/p>\n\n\n\n<p>Ponder\u00f3 que en su gesti\u00f3n se ha apoyado decididamente la pol\u00edtica de incremento salarial del Presidente de la Rep\u00fablica, y resalt\u00f3 que la entidad ha registrado el quinto lugar nacional con mejor ingreso, al tiempo que se ha estimulado la inversi\u00f3n para ofrecer empleos formales bien pagados.<\/p>\n\n\n\n<p>En este marco, Kuri Gonz\u00e1lez ofreci\u00f3 su respaldo en el esfuerzo del gobierno que encabezar\u00e1 Claudia Sheinbaum para construir en el pa\u00eds una prosperidad compartida. Asimismo, record\u00f3 que en Quer\u00e9taro se rechaza la exclusi\u00f3n, se cree &nbsp;en la igualdad con libertad. Se conf\u00eda en el entendimiento y en la cooperaci\u00f3n para servir a la gente.<\/p>\n\n\n\n<p>Mauricio Kuri agradeci\u00f3 al mandatario federal las deferencias y distinciones que siempre tuvo hacia Quer\u00e9taro y su gobierno, y a nombre de las y los queretanos le expres\u00f3 su cari\u00f1o hacia sus acciones durante su gesti\u00f3n.<\/p>\n\n\n\n<p>\u201cLe expreso el cari\u00f1o de las y los queretanos. Llevaremos siempre en la memoria el apoyo que dio a nuestra tierra y esa gratitud no termina con un encargo. Le deseo muchas bendiciones en el futuro y le reitero que aqu\u00ed siempre tendr\u00e1 su casa\u201d, puntualiz\u00f3.<\/p>\n\n\n\n<p>A la presidenta electa le manifest\u00f3 su deseo de que su gobierno sea todo un \u00e9xito. Tambi\u00e9n la invit\u00f3 a confiar en el apoyo incondicional de las y los queretanos para enfrentar cualquier desaf\u00edo, as\u00ed como para impulsar sus proyectos.<\/p>\n\n\n\n<p>En su mensaje, el titular del Poder Ejecutivo federal, Andr\u00e9s Manuel L\u00f3pez Obrador, celebr\u00f3 que en Quer\u00e9taro se realizara la evaluaci\u00f3n de los Programas de Adulto Mayor y Personas con Discapacidad, los cuales, dijo, formar\u00e1n parte de las reformas a la Constituci\u00f3n, y junto con otros, pasar\u00e1n a ser derechos sociales.<\/p>\n\n\n\n<p>Agradeci\u00f3 el acompa\u00f1amiento de las y los mexicanos durante su sexenio, y mencion\u00f3 que tras atender el sureste y emparejar el pa\u00eds en crecimiento, la pr\u00f3xima administraci\u00f3n impulsar\u00e1 acciones al norte y centro del pa\u00eds, ejemplo de ello, indic\u00f3, ser\u00e1 el tren de pasajeros para Quer\u00e9taro, el cual fortalecer\u00e1 la econom\u00eda y generar\u00e1 fuentes de empleo.<\/p>\n\n\n\n<p>\u201cMe dio mucho gusto estar aqu\u00ed con ustedes en Quer\u00e9taro. Ya, pues yo me despido de ustedes porque ya termin\u00e9 mi ciclo, me voy muy contento, ya les dije por qu\u00e9, porque el pa\u00eds queda en muy buenas manos. La felicidad, ya lo saben ustedes, la felicidad es estar bien con nosotros mismos, estar bien con nuestra conciencia y estar bien con el pr\u00f3jimo\u201d, apunt\u00f3.<\/p>\n\n\n\n<p>La presidenta electa de los Estados Unidos Mexicanos, Claudia Sheinbaum Pardo, afirm\u00f3 ante las y los queretanos que en su gobierno se dar\u00e1 continuidad y fortalecer\u00e1n los programas de Bienestar en beneficio de las y los adultos mayores, personas con discapacidad, el campo y los j\u00f3venes.<\/p>\n\n\n\n<p>De igual manera anunci\u00f3 otros programas como el de apoyo a las mujeres de entre 60 y 64 a\u00f1os; las becas universales para ni\u00f1as y ni\u00f1os de escuelas p\u00fablicas; as\u00ed como el denominado \u201cHoy por ustedes, ma\u00f1ana por nosotros\u201d, que llevar\u00e1 servicios de salud a las y los adultos mayores. Aunado a esto, ratific\u00f3 que en su administraci\u00f3n se concretar\u00e1 el proyecto de tren para Quer\u00e9taro.<\/p>\n\n\n\n<p>\u201cAs\u00ed como ya se hizo el tren Maya, el interoce\u00e1nico, vamos a fortalecer ese tren, los dos. Pero adem\u00e1s, ahora vamos a llevar esos trenes hacia el norte. \u00bfY por d\u00f3nde tienen que pasar esos trenes? Pues por Quer\u00e9taro. \u00a1M\u00e9xico, Quer\u00e9taro, San Luis Nuevo Laredo!; \u00a1M\u00e9xico, Quer\u00e9taro, Guadalajara, y queremos irnos hasta Nogales! Cambi\u00f3 el modelo del pasado, de un gobierno que se dedicaba a unos cuantos, a un gobierno que ve por el pueblo de M\u00e9xico\u201d, sentenci\u00f3.<\/p>\n\n\n\n<p>En su oportunidad, la secretaria de Bienestar del Gobierno de M\u00e9xico, Ariadna Montiel Reyes, brind\u00f3 un informe sobre los alcances de los programas de Adulto Mayor y Personas con Discapacidad desde el inicio del gobierno de Andr\u00e9s Manuel L\u00f3pez Obrador.<\/p>\n\n\n\n<p>Comunic\u00f3 que en cumplimiento a los compromisos del gobierno de M\u00e9xico, para este 2024 se ha garantizado la pensi\u00f3n para &nbsp;12.2 millones de adultos mayores con un monto bimestral de seis mil pesos que se entrega a trav\u00e9s del Banco del Bienestar.<\/p>\n\n\n\n<p>En cuanto a la pensi\u00f3n para personas con discapacidad explic\u00f3 que esta se ha entregado a un mill\u00f3n de derechohabientes cada bimestre. Refiri\u00f3 que se ha destinado a ni\u00f1as, ni\u00f1os y j\u00f3venes, as\u00ed como a adultos de 30 a 64 a\u00f1os, principalmente de los pueblos ind\u00edgenas, afromexicanos y en condici\u00f3n de pobreza. Lo que representa una inversi\u00f3n superior a los 111 mil millones de pesos en este sexenio.<\/p>\n\n\n\n<p>Finalmente a\u00f1adi\u00f3 que con estos avances se han puesto los cimientos para la construcci\u00f3n de un verdadero estado de bienestar que cuida a los m\u00e1s desprotegidos desde el inicio y hasta el final de su vida, y cinco millones de mexicanas y mexicanos han salido de la pobreza.<\/p>\n","protected":false},"excerpt":{"rendered":"<p>El gobernador, Mauricio Kuri Gonz\u00e1lez, asisti\u00f3 a la reuni\u00f3n que encabez\u00f3 el presidente de la Rep\u00fablica, Andr\u00e9s Manuel L\u00f3pez Obrador, en compa\u00f1\u00eda de la presidenta electa, Claudia Sheinbaum Pardo, con beneficiarias y beneficiarios de los programas de Adulto Mayor y Personas con Discapacidad, as\u00ed como p\u00fablico en general. Durante el [&hellip;]<\/p>\n","protected":false},"author":2,"featured_media":3927,"comment_status":"open","ping_status":"open","sticky":false,"template":"","format":"standard","meta":{"footnotes":""},"categories":[1],"tags":[],"class_list":["post-3926","post","type-post","status-publish","format-standard","has-post-thumbnail","hentry","category-sin-categoria"],"_links":{"self":[{"href":"https:\/\/telediarioqueretaro.co\/index.php?rest_route=\/wp\/v2\/posts\/3926","targetHints":{"allow":["GET"]}}],"collection":[{"href":"https:\/\/telediarioqueretaro.co\/index.php?rest_route=\/wp\/v2\/posts"}],"about":[{"href":"https:\/\/telediarioqueretaro.co\/index.php?rest_route=\/wp\/v2\/types\/post"}],"author":[{"embeddable":true,"href":"https:\/\/telediarioqueretaro.co\/index.php?rest_route=\/wp\/v2\/users\/2"}],"replies":[{"embeddable":true,"href":"https:\/\/telediarioqueretaro.co\/index.php?rest_route=%2Fwp%2Fv2%2Fcomments&post=3926"}],"version-history":[{"count":1,"href":"https:\/\/telediarioqueretaro.co\/index.php?rest_route=\/wp\/v2\/posts\/3926\/revisions"}],"predecessor-version":[{"id":3928,"href":"https:\/\/telediarioqueretaro.co\/index.php?rest_route=\/wp\/v2\/posts\/3926\/revisions\/3928"}],"wp:featuredmedia":[{"embeddable":true,"href":"https:\/\/telediarioqueretaro.co\/index.php?rest_route=\/wp\/v2\/media\/3927"}],"wp:attachment":[{"href":"https:\/\/telediarioqueretaro.co\/index.php?rest_route=%2Fwp%2Fv2%2Fmedia&parent=3926"}],"wp:term":[{"taxonomy":"category","embeddable":true,"href":"https:\/\/telediarioqueretaro.co\/index.php?rest_route=%2Fwp%2Fv2%2Fcategories&post=3926"},{"taxonomy":"post_tag","embeddable":true,"href":"https:\/\/telediarioqueretaro.co\/index.php?rest_route=%2Fwp%2Fv2%2Ftags&post=3926"}],"curies":[{"name":"wp","href":"https:\/\/api.w.org\/{rel}","templated":true}]}}