{"id":3936,"date":"2024-07-23T14:03:00","date_gmt":"2024-07-23T14:03:00","guid":{"rendered":"https:\/\/telediarioqueretaro.co\/?p=3936"},"modified":"2024-07-23T13:04:24","modified_gmt":"2024-07-23T13:04:24","slug":"airbus-anuncia-su-expansion-en-queretaro","status":"publish","type":"post","link":"https:\/\/telediarioqueretaro.co\/?p=3936","title":{"rendered":"Airbus Anuncia Su Expansi\u00f3n En Quer\u00e9taro"},"content":{"rendered":"\n<figure class=\"wp-block-image size-full\"><img loading=\"lazy\" decoding=\"async\" width=\"585\" height=\"418\" src=\"https:\/\/telediarioqueretaro.co\/wp-content\/uploads\/2024\/07\/image-41.png\" alt=\"\" class=\"wp-image-3937\" srcset=\"https:\/\/telediarioqueretaro.co\/wp-content\/uploads\/2024\/07\/image-41.png 585w, https:\/\/telediarioqueretaro.co\/wp-content\/uploads\/2024\/07\/image-41-300x214.png 300w\" sizes=\"auto, (max-width: 585px) 100vw, 585px\" \/><\/figure>\n\n\n\n<p>El titular de la Secretar\u00eda de Desarrollo Sustentable (SEDESU), Marco Antonio Del Prete Tercero, en representaci\u00f3n del gobernador del estado, Mauricio Kuri Gonz\u00e1lez, sostuvo un encuentro con el vicepresidente Ejecutivo de Operaciones de Airbus Helicopters, Laurent Mazou\u00e9, quienes realizaron la firma del acuerdo de cooperaci\u00f3n que confirma la ampliaci\u00f3n de la empresa francesa en el estado.<\/p>\n\n\n\n<p>Durante la reuni\u00f3n realizada en la Feria Aeroespacial de Farnborough se dio a conocer que la ampliaci\u00f3n de las actividades industriales y nuevos procesos de producci\u00f3n de Airbus en M\u00e9xico contribuir\u00e1n en el aumento de la producci\u00f3n de aviones comerciales de pasillo \u00fanico de Airbus y elevar\u00e1n la plantilla a unos 800 empleados para finales de la d\u00e9cada.<\/p>\n\n\n\n<p>\u201cDe verdad me da mucho gusto que Airbus, empresa l\u00edder en el sector aeroespacial, siga confiando en Quer\u00e9taro. Su presencia en el estado ha dado grandes frutos y ha impulsado la innovaci\u00f3n y el desarrollo tecnol\u00f3gico en el ramo, condici\u00f3n que tambi\u00e9n ha permitido que nuestro estado, ubicado en el centro de M\u00e9xico, sea conocido mundialmente. Airbus es el tipo de empresa que necesitamos en la entidad, que transforma y que adem\u00e1s mantiene un compromiso de cooperaci\u00f3n en beneficio de las y los queretanos: genera empleos, produce tecnolog\u00eda de punta y fomenta la competitividad. Quiero reiterar mi agradecimiento por la confianza y decirles que cuentan con mi apoyo para seguir trabajando juntos a favor de la empresa y de Quer\u00e9taro\u201d, se\u00f1al\u00f3 Del Prete Tercero.<\/p>\n\n\n\n<p>En su oportunidad, el vicepresidente Ejecutivo de Operaciones de Airbus Helicopters a\u00f1adi\u00f3 que Quer\u00e9taro es uno de los pilares de la empresa para su estrategia industrial, esto debido a su competitividad, y al profesionalismo de su gente.<\/p>\n\n\n\n<p>\u201cHoy tiene lugar un hito importante, tanto para el estado de Quer\u00e9taro, como para Airbus Helicopters, con la ampliaci\u00f3n de nuestra planta industrial, como parte de la transformaci\u00f3n de nuestra cadena de suministro a nivel mundial, pero tambi\u00e9n para hacer frente al aumento de aviones comerciales de pasillo \u00fanico de Airbus. Esta ampliaci\u00f3n es una prueba m\u00e1s del compromiso de Airbus Helicopters por seguir invirtiendo en la industria aeron\u00e1utica de M\u00e9xico\u201d, manifest\u00f3.<\/p>\n\n\n\n<p>La planta de fabricaci\u00f3n de Airbus en el estado de Quer\u00e9taro actualmente produce escotillas y puertas de salida de emergencia, puertas de carga a granel y puertas de carga para aviones de pasillo \u00fanico y de fuselaje ancho, respectivamente; as\u00ed como subconjuntos y m\u00f3dulos para helic\u00f3pteros que, posteriormente, se entregan a las l\u00edneas de ensamblaje final de Airbus y a las plantas de Airbus en Europa.<\/p>\n\n\n\n<p>Las instalaciones, inauguradas en 2013 y situadas en el Parque Industrial Aerotech, dan empleo a m\u00e1s de 400 personas y producen cerca de cuatro mil puertas al a\u00f1o desde la materia prima hasta el montaje final, y cerca de 180 mil piezas sueltas, cinem\u00e1ticas y subconjuntos suministrados anualmente a Alemania y 15 mil piezas a Francia.<\/p>\n","protected":false},"excerpt":{"rendered":"<p>El titular de la Secretar\u00eda de Desarrollo Sustentable (SEDESU), Marco Antonio Del Prete Tercero, en representaci\u00f3n del gobernador del estado, Mauricio Kuri Gonz\u00e1lez, sostuvo un encuentro con el vicepresidente Ejecutivo de Operaciones de Airbus Helicopters, Laurent Mazou\u00e9, quienes realizaron la firma del acuerdo de cooperaci\u00f3n que confirma la ampliaci\u00f3n de [&hellip;]<\/p>\n","protected":false},"author":2,"featured_media":3937,"comment_status":"open","ping_status":"open","sticky":false,"template":"","format":"standard","meta":{"footnotes":""},"categories":[1],"tags":[],"class_list":["post-3936","post","type-post","status-publish","format-standard","has-post-thumbnail","hentry","category-sin-categoria"],"_links":{"self":[{"href":"https:\/\/telediarioqueretaro.co\/index.php?rest_route=\/wp\/v2\/posts\/3936","targetHints":{"allow":["GET"]}}],"collection":[{"href":"https:\/\/telediarioqueretaro.co\/index.php?rest_route=\/wp\/v2\/posts"}],"about":[{"href":"https:\/\/telediarioqueretaro.co\/index.php?rest_route=\/wp\/v2\/types\/post"}],"author":[{"embeddable":true,"href":"https:\/\/telediarioqueretaro.co\/index.php?rest_route=\/wp\/v2\/users\/2"}],"replies":[{"embeddable":true,"href":"https:\/\/telediarioqueretaro.co\/index.php?rest_route=%2Fwp%2Fv2%2Fcomments&post=3936"}],"version-history":[{"count":1,"href":"https:\/\/telediarioqueretaro.co\/index.php?rest_route=\/wp\/v2\/posts\/3936\/revisions"}],"predecessor-version":[{"id":3938,"href":"https:\/\/telediarioqueretaro.co\/index.php?rest_route=\/wp\/v2\/posts\/3936\/revisions\/3938"}],"wp:featuredmedia":[{"embeddable":true,"href":"https:\/\/telediarioqueretaro.co\/index.php?rest_route=\/wp\/v2\/media\/3937"}],"wp:attachment":[{"href":"https:\/\/telediarioqueretaro.co\/index.php?rest_route=%2Fwp%2Fv2%2Fmedia&parent=3936"}],"wp:term":[{"taxonomy":"category","embeddable":true,"href":"https:\/\/telediarioqueretaro.co\/index.php?rest_route=%2Fwp%2Fv2%2Fcategories&post=3936"},{"taxonomy":"post_tag","embeddable":true,"href":"https:\/\/telediarioqueretaro.co\/index.php?rest_route=%2Fwp%2Fv2%2Ftags&post=3936"}],"curies":[{"name":"wp","href":"https:\/\/api.w.org\/{rel}","templated":true}]}}