{"id":3977,"date":"2024-07-31T13:18:43","date_gmt":"2024-07-31T13:18:43","guid":{"rendered":"https:\/\/telediarioqueretaro.co\/?p=3977"},"modified":"2024-07-31T13:18:43","modified_gmt":"2024-07-31T13:18:43","slug":"certidumbre-en-el-comercio-ante-cambios-presidenciales","status":"publish","type":"post","link":"https:\/\/telediarioqueretaro.co\/?p=3977","title":{"rendered":"Certidumbre En El Comercio, Ante Cambios Presidenciales"},"content":{"rendered":"\n<figure class=\"wp-block-image size-large\"><img loading=\"lazy\" decoding=\"async\" width=\"1024\" height=\"543\" src=\"https:\/\/telediarioqueretaro.co\/wp-content\/uploads\/2024\/07\/image-54-1024x543.png\" alt=\"\" class=\"wp-image-3978\" srcset=\"https:\/\/telediarioqueretaro.co\/wp-content\/uploads\/2024\/07\/image-54-1024x543.png 1024w, https:\/\/telediarioqueretaro.co\/wp-content\/uploads\/2024\/07\/image-54-300x159.png 300w, https:\/\/telediarioqueretaro.co\/wp-content\/uploads\/2024\/07\/image-54-768x407.png 768w, https:\/\/telediarioqueretaro.co\/wp-content\/uploads\/2024\/07\/image-54.png 1210w\" sizes=\"auto, (max-width: 1024px) 100vw, 1024px\" \/><\/figure>\n\n\n\n<p>Los socios de la C\u00e1mara de Comercio de Quer\u00e9taro (Canaco) est\u00e1n tranquilos ante los cambios pol\u00edticos que vivir\u00e1 el pa\u00eds, incluso los que se prev\u00e9n en Estados Unidos.<br>La presidenta de ese organismo, Lorena Mu\u00f1oz Altamira, indic\u00f3 que estas condiciones coyunturales ya son conocidas por los comerciantes y prestadores de servicios, quienes se preparan con inventarios anticipados para enfrentar posibles alzas en el tipo de cambio o incertidumbre en los mercados.<\/p>\n\n\n\n<p><br>\u201cEn este momento hay certidumbre, hay tranquilidad, obviamente sabemos que va a haber cambios, sabemos que en alg\u00fan momento el d\u00f3lar va a tener alg\u00fan impacto hacia arriba o hacia abajo, va a cambiar un poco la jugada; sin embargo, tambi\u00e9n los comerciantes sabemos prevenir este tipo de circunstancias y este tipo de temporalidades adquiriendo inventarios con anticipaci\u00f3n desde principios de a\u00f1o, varias personas empezamos a adquirir inventarios que nos permitan solventar y sobrellevar estos cambios naturales que se dan por precisamente un cambio presidencial\u201d.<br>En octubre, rendir\u00e1 protesta Claudia Sheibaum Pardo como presidenta de M\u00e9xico, adem\u00e1s de que habr\u00e1 cambios en ambas c\u00e1maras del Poder Legislativo; mientras que en Estados Unidos habr\u00e1, en las primeras semanas de enero, sucesi\u00f3n presidencial.<\/p>\n","protected":false},"excerpt":{"rendered":"<p>Los socios de la C\u00e1mara de Comercio de Quer\u00e9taro (Canaco) est\u00e1n tranquilos ante los cambios pol\u00edticos que vivir\u00e1 el pa\u00eds, incluso los que se prev\u00e9n en Estados Unidos.La presidenta de ese organismo, Lorena Mu\u00f1oz Altamira, indic\u00f3 que estas condiciones coyunturales ya son conocidas por los comerciantes y prestadores de servicios, [&hellip;]<\/p>\n","protected":false},"author":2,"featured_media":3978,"comment_status":"open","ping_status":"open","sticky":false,"template":"","format":"standard","meta":{"footnotes":""},"categories":[1],"tags":[],"class_list":["post-3977","post","type-post","status-publish","format-standard","has-post-thumbnail","hentry","category-sin-categoria"],"_links":{"self":[{"href":"https:\/\/telediarioqueretaro.co\/index.php?rest_route=\/wp\/v2\/posts\/3977","targetHints":{"allow":["GET"]}}],"collection":[{"href":"https:\/\/telediarioqueretaro.co\/index.php?rest_route=\/wp\/v2\/posts"}],"about":[{"href":"https:\/\/telediarioqueretaro.co\/index.php?rest_route=\/wp\/v2\/types\/post"}],"author":[{"embeddable":true,"href":"https:\/\/telediarioqueretaro.co\/index.php?rest_route=\/wp\/v2\/users\/2"}],"replies":[{"embeddable":true,"href":"https:\/\/telediarioqueretaro.co\/index.php?rest_route=%2Fwp%2Fv2%2Fcomments&post=3977"}],"version-history":[{"count":1,"href":"https:\/\/telediarioqueretaro.co\/index.php?rest_route=\/wp\/v2\/posts\/3977\/revisions"}],"predecessor-version":[{"id":3979,"href":"https:\/\/telediarioqueretaro.co\/index.php?rest_route=\/wp\/v2\/posts\/3977\/revisions\/3979"}],"wp:featuredmedia":[{"embeddable":true,"href":"https:\/\/telediarioqueretaro.co\/index.php?rest_route=\/wp\/v2\/media\/3978"}],"wp:attachment":[{"href":"https:\/\/telediarioqueretaro.co\/index.php?rest_route=%2Fwp%2Fv2%2Fmedia&parent=3977"}],"wp:term":[{"taxonomy":"category","embeddable":true,"href":"https:\/\/telediarioqueretaro.co\/index.php?rest_route=%2Fwp%2Fv2%2Fcategories&post=3977"},{"taxonomy":"post_tag","embeddable":true,"href":"https:\/\/telediarioqueretaro.co\/index.php?rest_route=%2Fwp%2Fv2%2Ftags&post=3977"}],"curies":[{"name":"wp","href":"https:\/\/api.w.org\/{rel}","templated":true}]}}