{"id":3980,"date":"2024-07-31T14:18:00","date_gmt":"2024-07-31T14:18:00","guid":{"rendered":"https:\/\/telediarioqueretaro.co\/?p=3980"},"modified":"2024-07-31T13:19:24","modified_gmt":"2024-07-31T13:19:24","slug":"gobierno-de-roberto-cabrera-lleva-jornada-33-del-programa-martes-ciudadano-a-santa-matilde","status":"publish","type":"post","link":"https:\/\/telediarioqueretaro.co\/?p=3980","title":{"rendered":"Gobierno De Roberto Cabrera Lleva Jornada 33 Del \u201cPrograma Martes Ciudadano\u201d A Santa Matilde"},"content":{"rendered":"\n<figure class=\"wp-block-image size-large\"><img loading=\"lazy\" decoding=\"async\" width=\"1024\" height=\"543\" src=\"https:\/\/telediarioqueretaro.co\/wp-content\/uploads\/2024\/07\/image-55-1024x543.png\" alt=\"\" class=\"wp-image-3981\" srcset=\"https:\/\/telediarioqueretaro.co\/wp-content\/uploads\/2024\/07\/image-55-1024x543.png 1024w, https:\/\/telediarioqueretaro.co\/wp-content\/uploads\/2024\/07\/image-55-300x159.png 300w, https:\/\/telediarioqueretaro.co\/wp-content\/uploads\/2024\/07\/image-55-768x407.png 768w, https:\/\/telediarioqueretaro.co\/wp-content\/uploads\/2024\/07\/image-55.png 1210w\" sizes=\"auto, (max-width: 1024px) 100vw, 1024px\" \/><\/figure>\n\n\n\n<p>Con el objetivo de escuchar a las y los sanjuanenses para atenderlos mejor y buscar soluciones a sus planteamientos, el Gobierno Municipal de San Juan del R\u00edo, presidido por el alcalde Roberto Cabrera Valencia, llev\u00f3 a cabo la jornada n\u00famero 33 del \u201cPrograma Martes Ciudadano\u201d en la comunidad de Santa Matilde.<\/p>\n\n\n\n<p>Durante la jornada, el presidente municipal de San Juan del R\u00edo, Roberto Cabrera, junto con las y los integrantes del Gabinete Municipal, atendieron 228 solicitudes sobre temas relacionados con el sector agropecuario, obras p\u00fablicas, desarrollo social, seguridad p\u00fablica y tr\u00e1nsito, protecci\u00f3n civil, entre otros.<\/p>\n\n\n\n<p>El \u201cPrograma Martes Ciudadano\u201d tiene car\u00e1cter itinerante, por lo que cada edici\u00f3n se realiza en una sede diferente; dicha acci\u00f3n tiene como finalidad abarcar las colonias, fraccionamientos, barrios y comunidades de la demarcaci\u00f3n. La edici\u00f3n de este 30 de julio se realiz\u00f3 en horario vespertino, desde las 14 hasta las 19 horas.<\/p>\n","protected":false},"excerpt":{"rendered":"<p>Con el objetivo de escuchar a las y los sanjuanenses para atenderlos mejor y buscar soluciones a sus planteamientos, el Gobierno Municipal de San Juan del R\u00edo, presidido por el alcalde Roberto Cabrera Valencia, llev\u00f3 a cabo la jornada n\u00famero 33 del \u201cPrograma Martes Ciudadano\u201d en la comunidad de Santa [&hellip;]<\/p>\n","protected":false},"author":2,"featured_media":3981,"comment_status":"open","ping_status":"open","sticky":false,"template":"","format":"standard","meta":{"footnotes":""},"categories":[1],"tags":[],"class_list":["post-3980","post","type-post","status-publish","format-standard","has-post-thumbnail","hentry","category-sin-categoria"],"_links":{"self":[{"href":"https:\/\/telediarioqueretaro.co\/index.php?rest_route=\/wp\/v2\/posts\/3980","targetHints":{"allow":["GET"]}}],"collection":[{"href":"https:\/\/telediarioqueretaro.co\/index.php?rest_route=\/wp\/v2\/posts"}],"about":[{"href":"https:\/\/telediarioqueretaro.co\/index.php?rest_route=\/wp\/v2\/types\/post"}],"author":[{"embeddable":true,"href":"https:\/\/telediarioqueretaro.co\/index.php?rest_route=\/wp\/v2\/users\/2"}],"replies":[{"embeddable":true,"href":"https:\/\/telediarioqueretaro.co\/index.php?rest_route=%2Fwp%2Fv2%2Fcomments&post=3980"}],"version-history":[{"count":1,"href":"https:\/\/telediarioqueretaro.co\/index.php?rest_route=\/wp\/v2\/posts\/3980\/revisions"}],"predecessor-version":[{"id":3982,"href":"https:\/\/telediarioqueretaro.co\/index.php?rest_route=\/wp\/v2\/posts\/3980\/revisions\/3982"}],"wp:featuredmedia":[{"embeddable":true,"href":"https:\/\/telediarioqueretaro.co\/index.php?rest_route=\/wp\/v2\/media\/3981"}],"wp:attachment":[{"href":"https:\/\/telediarioqueretaro.co\/index.php?rest_route=%2Fwp%2Fv2%2Fmedia&parent=3980"}],"wp:term":[{"taxonomy":"category","embeddable":true,"href":"https:\/\/telediarioqueretaro.co\/index.php?rest_route=%2Fwp%2Fv2%2Fcategories&post=3980"},{"taxonomy":"post_tag","embeddable":true,"href":"https:\/\/telediarioqueretaro.co\/index.php?rest_route=%2Fwp%2Fv2%2Ftags&post=3980"}],"curies":[{"name":"wp","href":"https:\/\/api.w.org\/{rel}","templated":true}]}}