{"id":4019,"date":"2024-08-06T14:31:00","date_gmt":"2024-08-06T14:31:00","guid":{"rendered":"https:\/\/telediarioqueretaro.co\/?p=4019"},"modified":"2024-08-06T13:31:56","modified_gmt":"2024-08-06T13:31:56","slug":"el-marques-entrega-mas-de-2-7-millones-de-pesos-para-fortalecer-negocios-de-41-localidades","status":"publish","type":"post","link":"https:\/\/telediarioqueretaro.co\/?p=4019","title":{"rendered":"El Marqu\u00e9s Entrega M\u00e1s De 2.7 Millones De Pesos Para Fortalecer Negocios De 41 Localidades"},"content":{"rendered":"\n<figure class=\"wp-block-image size-large\"><img loading=\"lazy\" decoding=\"async\" width=\"1024\" height=\"543\" src=\"https:\/\/telediarioqueretaro.co\/wp-content\/uploads\/2024\/08\/image-10-1024x543.png\" alt=\"\" class=\"wp-image-4020\" srcset=\"https:\/\/telediarioqueretaro.co\/wp-content\/uploads\/2024\/08\/image-10-1024x543.png 1024w, https:\/\/telediarioqueretaro.co\/wp-content\/uploads\/2024\/08\/image-10-300x159.png 300w, https:\/\/telediarioqueretaro.co\/wp-content\/uploads\/2024\/08\/image-10-768x407.png 768w, https:\/\/telediarioqueretaro.co\/wp-content\/uploads\/2024\/08\/image-10.png 1210w\" sizes=\"auto, (max-width: 1024px) 100vw, 1024px\" \/><\/figure>\n\n\n\n<p>La presidenta municipal de El Marqu\u00e9s, Claudia Mart\u00ednez Guevara, encabez\u00f3 la entrega de Apoyos del Programa de Fortalecimiento de la Actividad Econ\u00f3mica (PROFAE) perteneciente a la Secretar\u00eda de Desarrollo Econ\u00f3mico y Turismo.<\/p>\n\n\n\n<p>Durante esta edici\u00f3n, se entregaron apoyos para la adquisici\u00f3n de equipamiento, mobiliario, herramienta y\/o ampliaci\u00f3n de inventario, en beneficio de 141 habitantes de 41 localidades del municipio. Para esta entrega, se destin\u00f3 una bolsa de dos millones 700 mil de pesos dirigida a impulsar sus proyectos productivos.<\/p>\n\n\n\n<p>En ese sentido, Mart\u00ednez Guevara destac\u00f3 la importancia de que la administraci\u00f3n p\u00fablica apoye a los negocios de las distintas partes del municipio. Asimismo, refrend\u00f3 el compromiso del actual gobierno para respaldar a los comercios locales y que estos contin\u00faen con sus actividades productivas.<\/p>\n\n\n\n<p>\u201cEstoy muy contenta de ver reunidas tantas personas que entienden el valor del trabajo y pues darme cuenta que este apoyo fue en beneficio para negocios de todo tipo, ver gente de La Ca\u00f1ada, de El Rosario, de diferentes puntos de nuestro municipio. Qu\u00e9 bueno que (este apoyo) puede llegar a todos los rincones. A ustedes que generan empleos e integran estas c\u00e9lulas de la econom\u00eda del municipio los seguiremos respaldando con acciones concretas, apoyos directos y mejores acciones para impulsar su actividad. Cuenten con nosotros, en El Marqu\u00e9s seguiremos siendo firmes promotores de su trabajo digno, del consumo local, de todo lo bueno que se produce y se genera con este talento marquesino\u201d.<\/p>\n\n\n\n<p>Cabe destacar que el apoyo entregado durante este evento consiste en recursos para emprendedores, comercios locales como miscelaneas, papeler\u00edas, salones de belleza, puntos de venta de alimentos, productos y servicios, entre otros, para que estos puedan equipar sus negocios y coadyuvar en la mejora de los procesos productivos y competitividad.<\/p>\n\n\n\n<p>Por su parte, la secretaria de Desarrollo Econ\u00f3mico y Tursimo, Ana Laura Vallarino Hernando resalt\u00f3 que estos apoyos son una oportunidad de crecimiento para las micro y peque\u00f1as empresas establecidas en el municipio. Adem\u00e1s, invit\u00f3 a los beneficiarios a consumir local, pues con ello se potencia la econom\u00eda marquesina.<\/p>\n\n\n\n<p>Al evento acudieron la regidora S\u00edndico, Luc\u00eda Ferrusca Rivera; el regidor Abraham Mart\u00ednez Hern\u00e1ndez; as\u00ed como el Secretario de Administraci\u00f3n, Enrique Fern\u00e1ndez de Cevallos y la subsecretaria de Administraci\u00f3n, Paz Hern\u00e1ndez Ordaz.<\/p>\n","protected":false},"excerpt":{"rendered":"<p>La presidenta municipal de El Marqu\u00e9s, Claudia Mart\u00ednez Guevara, encabez\u00f3 la entrega de Apoyos del Programa de Fortalecimiento de la Actividad Econ\u00f3mica (PROFAE) perteneciente a la Secretar\u00eda de Desarrollo Econ\u00f3mico y Turismo. Durante esta edici\u00f3n, se entregaron apoyos para la adquisici\u00f3n de equipamiento, mobiliario, herramienta y\/o ampliaci\u00f3n de inventario, en [&hellip;]<\/p>\n","protected":false},"author":2,"featured_media":4020,"comment_status":"open","ping_status":"open","sticky":false,"template":"","format":"standard","meta":{"footnotes":""},"categories":[1],"tags":[],"class_list":["post-4019","post","type-post","status-publish","format-standard","has-post-thumbnail","hentry","category-sin-categoria"],"_links":{"self":[{"href":"https:\/\/telediarioqueretaro.co\/index.php?rest_route=\/wp\/v2\/posts\/4019","targetHints":{"allow":["GET"]}}],"collection":[{"href":"https:\/\/telediarioqueretaro.co\/index.php?rest_route=\/wp\/v2\/posts"}],"about":[{"href":"https:\/\/telediarioqueretaro.co\/index.php?rest_route=\/wp\/v2\/types\/post"}],"author":[{"embeddable":true,"href":"https:\/\/telediarioqueretaro.co\/index.php?rest_route=\/wp\/v2\/users\/2"}],"replies":[{"embeddable":true,"href":"https:\/\/telediarioqueretaro.co\/index.php?rest_route=%2Fwp%2Fv2%2Fcomments&post=4019"}],"version-history":[{"count":1,"href":"https:\/\/telediarioqueretaro.co\/index.php?rest_route=\/wp\/v2\/posts\/4019\/revisions"}],"predecessor-version":[{"id":4021,"href":"https:\/\/telediarioqueretaro.co\/index.php?rest_route=\/wp\/v2\/posts\/4019\/revisions\/4021"}],"wp:featuredmedia":[{"embeddable":true,"href":"https:\/\/telediarioqueretaro.co\/index.php?rest_route=\/wp\/v2\/media\/4020"}],"wp:attachment":[{"href":"https:\/\/telediarioqueretaro.co\/index.php?rest_route=%2Fwp%2Fv2%2Fmedia&parent=4019"}],"wp:term":[{"taxonomy":"category","embeddable":true,"href":"https:\/\/telediarioqueretaro.co\/index.php?rest_route=%2Fwp%2Fv2%2Fcategories&post=4019"},{"taxonomy":"post_tag","embeddable":true,"href":"https:\/\/telediarioqueretaro.co\/index.php?rest_route=%2Fwp%2Fv2%2Ftags&post=4019"}],"curies":[{"name":"wp","href":"https:\/\/api.w.org\/{rel}","templated":true}]}}