{"id":4085,"date":"2024-08-16T13:15:48","date_gmt":"2024-08-16T13:15:48","guid":{"rendered":"https:\/\/telediarioqueretaro.co\/?p=4085"},"modified":"2024-08-16T13:15:49","modified_gmt":"2024-08-16T13:15:49","slug":"celebra-car-herrera-encuentro-de-tradiciones-con-los-adultos-mayores-de-san-juan-del-rio","status":"publish","type":"post","link":"https:\/\/telediarioqueretaro.co\/?p=4085","title":{"rendered":"Celebra Car Herrera Encuentro De Tradiciones Con Los Adultos Mayores De San Juan Del R\u00edo"},"content":{"rendered":"\n<figure class=\"wp-block-image size-large\"><img loading=\"lazy\" decoding=\"async\" width=\"1024\" height=\"543\" src=\"https:\/\/telediarioqueretaro.co\/wp-content\/uploads\/2024\/08\/image-30-1024x543.png\" alt=\"\" class=\"wp-image-4086\" srcset=\"https:\/\/telediarioqueretaro.co\/wp-content\/uploads\/2024\/08\/image-30-1024x543.png 1024w, https:\/\/telediarioqueretaro.co\/wp-content\/uploads\/2024\/08\/image-30-300x159.png 300w, https:\/\/telediarioqueretaro.co\/wp-content\/uploads\/2024\/08\/image-30-768x407.png 768w, https:\/\/telediarioqueretaro.co\/wp-content\/uploads\/2024\/08\/image-30.png 1210w\" sizes=\"auto, (max-width: 1024px) 100vw, 1024px\" \/><\/figure>\n\n\n\n<p>Con la finalidad de fortalecer las tradiciones y costumbres de cada municipio de la entidad, la presidenta del Patronato del Sistema Estatal DIF, Car Herrera de Kuri, encabez\u00f3 el Encuentro de Tradiciones y Costumbres de Personas Adultas Mayores 2024, realizado en el municipio de San Juan del R\u00edo.<\/p>\n\n\n\n<p>Desde las instalaciones del Centro Regional de Desarrollo Humano para Personas Adultas Mayores \u201cConsuelo Mart\u00ednez de G\u00f3mez\u201d, Car Herrera celebr\u00f3 este evento en el que las y los adultos mayores fueron los protagonistas y los invit\u00f3 a mantenerse activos para lograr una vida digna y saludable. Adem\u00e1s, se\u00f1al\u00f3 que son ellos el tesoro m\u00e1s preciado, preservan y transmiten las experiencias y tradiciones.<\/p>\n\n\n\n<p>\u201cLas tradiciones y costumbres forman un estado s\u00f3lido y rico en actividades culturales. Ustedes, las personas adultas mayores son las encargadas de transmitirnos sus experiencias y an\u00e9cdotas m\u00e1s preciadas. A nosotros nos toca cuidarlos, protegerlos y apapacharlos, porque son nuestro tesoro m\u00e1s grande y m\u00e1s valioso\u00bb, coment\u00f3.<\/p>\n\n\n\n<p>Con estas actividades el Sistema Estatal DIF contin\u00faa las celebraciones del mes del adulto mayor; el evento incluy\u00f3 bailes, exhibici\u00f3n de trajes t\u00edpicos, muestras artesanal y gastron\u00f3mica, interpretaci\u00f3n de melod\u00edas, exhibici\u00f3n y venta de art\u00edculos antiguos.<\/p>\n\n\n\n<p>Asimismo, las autoridades del SEDIF premiaron a los ganadores del concurso \u201cCarta a mis nietos\u201d y \u201cCarta a mis abuelos\u201d, actividad que promueve el respeto por los derechos y la convivencia intergeneracional, y en la que participaron adultos mayores de los 18 municipios.<\/p>\n\n\n\n<p>Los ganadores del concurso \u201cCarta a mis nietos\u201d fueron: en primer lugar Dolores Zamorano Guerrero (Cadereyta), en segundo lugar Mercedes Ya\u00f1ez Aguill\u00f3n (Pinal de Amoles), y en tercer lugar Ofelia Efigenia Viniegra Garcia (Corregidora), mientras en el concurso \u201cCarta a mis abuelos\u201d el primer lugar fue para Juan Pablo Ruiz (Quer\u00e9taro), en segundo lugar Fernando Yahir Mart\u00ednez (Pinal de Amoles), y en tercer lugar Omar Hern\u00e1ndez Casta\u00f1eda (Col\u00f3n).<\/p>\n\n\n\n<p>Al evento asistieron el director General del Sistema Estatal DIF, \u00d3scar Adri\u00e1n G\u00f3mez Niembro; la procuradora de Atenci\u00f3n y Protecci\u00f3n Integral de Personas Adultas Mayores del SEDIF, Paola Fern\u00e1ndez Trejo; la secretaria de Cultura en el Estado, Marcela Herbert Pesquera; la presidenta del Sistema DIF Municipal de San Juan del R\u00edo, Georgina S\u00e1nchez Barrios; la coordinadora del Centro Regional, Claudia Sandoval S\u00e1nchez; presidentas y directores de los SMDIF; as\u00ed como enlaces de centros de d\u00eda y grupos de adultos mayores de los municipios del estado.<\/p>\n","protected":false},"excerpt":{"rendered":"<p>Con la finalidad de fortalecer las tradiciones y costumbres de cada municipio de la entidad, la presidenta del Patronato del Sistema Estatal DIF, Car Herrera de Kuri, encabez\u00f3 el Encuentro de Tradiciones y Costumbres de Personas Adultas Mayores 2024, realizado en el municipio de San Juan del R\u00edo. Desde las [&hellip;]<\/p>\n","protected":false},"author":2,"featured_media":4086,"comment_status":"open","ping_status":"open","sticky":false,"template":"","format":"standard","meta":{"footnotes":""},"categories":[1],"tags":[],"class_list":["post-4085","post","type-post","status-publish","format-standard","has-post-thumbnail","hentry","category-sin-categoria"],"_links":{"self":[{"href":"https:\/\/telediarioqueretaro.co\/index.php?rest_route=\/wp\/v2\/posts\/4085","targetHints":{"allow":["GET"]}}],"collection":[{"href":"https:\/\/telediarioqueretaro.co\/index.php?rest_route=\/wp\/v2\/posts"}],"about":[{"href":"https:\/\/telediarioqueretaro.co\/index.php?rest_route=\/wp\/v2\/types\/post"}],"author":[{"embeddable":true,"href":"https:\/\/telediarioqueretaro.co\/index.php?rest_route=\/wp\/v2\/users\/2"}],"replies":[{"embeddable":true,"href":"https:\/\/telediarioqueretaro.co\/index.php?rest_route=%2Fwp%2Fv2%2Fcomments&post=4085"}],"version-history":[{"count":1,"href":"https:\/\/telediarioqueretaro.co\/index.php?rest_route=\/wp\/v2\/posts\/4085\/revisions"}],"predecessor-version":[{"id":4087,"href":"https:\/\/telediarioqueretaro.co\/index.php?rest_route=\/wp\/v2\/posts\/4085\/revisions\/4087"}],"wp:featuredmedia":[{"embeddable":true,"href":"https:\/\/telediarioqueretaro.co\/index.php?rest_route=\/wp\/v2\/media\/4086"}],"wp:attachment":[{"href":"https:\/\/telediarioqueretaro.co\/index.php?rest_route=%2Fwp%2Fv2%2Fmedia&parent=4085"}],"wp:term":[{"taxonomy":"category","embeddable":true,"href":"https:\/\/telediarioqueretaro.co\/index.php?rest_route=%2Fwp%2Fv2%2Fcategories&post=4085"},{"taxonomy":"post_tag","embeddable":true,"href":"https:\/\/telediarioqueretaro.co\/index.php?rest_route=%2Fwp%2Fv2%2Ftags&post=4085"}],"curies":[{"name":"wp","href":"https:\/\/api.w.org\/{rel}","templated":true}]}}