{"id":4088,"date":"2024-08-16T13:18:14","date_gmt":"2024-08-16T13:18:14","guid":{"rendered":"https:\/\/telediarioqueretaro.co\/?p=4088"},"modified":"2024-08-16T13:18:14","modified_gmt":"2024-08-16T13:18:14","slug":"ajustan-calendario-escolar-2024-2025-en-educacion-basica","status":"publish","type":"post","link":"https:\/\/telediarioqueretaro.co\/?p=4088","title":{"rendered":"Ajustan Calendario Escolar 2024-2025 En Educaci\u00f3n B\u00e1sica"},"content":{"rendered":"\n<figure class=\"wp-block-image size-large\"><img loading=\"lazy\" decoding=\"async\" width=\"1024\" height=\"543\" src=\"https:\/\/telediarioqueretaro.co\/wp-content\/uploads\/2024\/08\/image-31-1024x543.png\" alt=\"\" class=\"wp-image-4089\" srcset=\"https:\/\/telediarioqueretaro.co\/wp-content\/uploads\/2024\/08\/image-31-1024x543.png 1024w, https:\/\/telediarioqueretaro.co\/wp-content\/uploads\/2024\/08\/image-31-300x159.png 300w, https:\/\/telediarioqueretaro.co\/wp-content\/uploads\/2024\/08\/image-31-768x407.png 768w, https:\/\/telediarioqueretaro.co\/wp-content\/uploads\/2024\/08\/image-31.png 1210w\" sizes=\"auto, (max-width: 1024px) 100vw, 1024px\" \/><\/figure>\n\n\n\n<p>A propuesta de la Unidad de Servicios para la Educaci\u00f3n B\u00e1sica en el Estado de Quer\u00e9taro (USEBEQ), la secretaria de Educaci\u00f3n del estado, Martha Elena Soto Obreg\u00f3n, autoriz\u00f3 realizar ajustes al calendario escolar de 190 d\u00edas para el ciclo lectivo 2024-2025, dado a conocer el pasado 10 de junio por la Secretar\u00eda de Educaci\u00f3n P\u00fablica Federal (SEP).<\/p>\n\n\n\n<p>Para preservar las tradiciones mexicanas y prevenir una interrupci\u00f3n en el servicio educativo de las comunidades escolares, se establecen como d\u00edas inh\u00e1biles el viernes 1 de noviembre y el jueves 12 de diciembre de 2024; as\u00ed como el viernes 2 de mayo de 2025. El inicio del ciclo escolar 2024-2025 ser\u00e1 el lunes 26 de agosto y concluir\u00e1 el lunes 21 de julio de 2025.<\/p>\n\n\n\n<p>Una vez que fueron publicados en el peri\u00f3dico \u201cLa Sombra de Arteaga\u201d el viernes 2 de agosto del presente a\u00f1o, los citados ajustes son aplicables a todas las escuelas p\u00fablicas y particulares de educaci\u00f3n b\u00e1sica, que comprende la inicial, especial, preescolar, primaria y secundaria en el estado de Quer\u00e9taro.<\/p>\n\n\n\n<p>Cabe se\u00f1alar que, ser\u00e1 la autoridad educativa en el estado, la que notifique de manera oficial a todas las escuelas e instituciones p\u00fablicas y particulares de educaci\u00f3n b\u00e1sica este ajuste al calendario escolar 2024-2025, y as\u00ed seguir llevando la educaci\u00f3n en Quer\u00e9taro al siguiente nivel.<\/p>\n","protected":false},"excerpt":{"rendered":"<p>A propuesta de la Unidad de Servicios para la Educaci\u00f3n B\u00e1sica en el Estado de Quer\u00e9taro (USEBEQ), la secretaria de Educaci\u00f3n del estado, Martha Elena Soto Obreg\u00f3n, autoriz\u00f3 realizar ajustes al calendario escolar de 190 d\u00edas para el ciclo lectivo 2024-2025, dado a conocer el pasado 10 de junio por [&hellip;]<\/p>\n","protected":false},"author":2,"featured_media":4089,"comment_status":"open","ping_status":"open","sticky":false,"template":"","format":"standard","meta":{"footnotes":""},"categories":[1],"tags":[],"class_list":["post-4088","post","type-post","status-publish","format-standard","has-post-thumbnail","hentry","category-sin-categoria"],"_links":{"self":[{"href":"https:\/\/telediarioqueretaro.co\/index.php?rest_route=\/wp\/v2\/posts\/4088","targetHints":{"allow":["GET"]}}],"collection":[{"href":"https:\/\/telediarioqueretaro.co\/index.php?rest_route=\/wp\/v2\/posts"}],"about":[{"href":"https:\/\/telediarioqueretaro.co\/index.php?rest_route=\/wp\/v2\/types\/post"}],"author":[{"embeddable":true,"href":"https:\/\/telediarioqueretaro.co\/index.php?rest_route=\/wp\/v2\/users\/2"}],"replies":[{"embeddable":true,"href":"https:\/\/telediarioqueretaro.co\/index.php?rest_route=%2Fwp%2Fv2%2Fcomments&post=4088"}],"version-history":[{"count":1,"href":"https:\/\/telediarioqueretaro.co\/index.php?rest_route=\/wp\/v2\/posts\/4088\/revisions"}],"predecessor-version":[{"id":4090,"href":"https:\/\/telediarioqueretaro.co\/index.php?rest_route=\/wp\/v2\/posts\/4088\/revisions\/4090"}],"wp:featuredmedia":[{"embeddable":true,"href":"https:\/\/telediarioqueretaro.co\/index.php?rest_route=\/wp\/v2\/media\/4089"}],"wp:attachment":[{"href":"https:\/\/telediarioqueretaro.co\/index.php?rest_route=%2Fwp%2Fv2%2Fmedia&parent=4088"}],"wp:term":[{"taxonomy":"category","embeddable":true,"href":"https:\/\/telediarioqueretaro.co\/index.php?rest_route=%2Fwp%2Fv2%2Fcategories&post=4088"},{"taxonomy":"post_tag","embeddable":true,"href":"https:\/\/telediarioqueretaro.co\/index.php?rest_route=%2Fwp%2Fv2%2Ftags&post=4088"}],"curies":[{"name":"wp","href":"https:\/\/api.w.org\/{rel}","templated":true}]}}