{"id":4103,"date":"2024-08-19T14:57:55","date_gmt":"2024-08-19T14:57:55","guid":{"rendered":"https:\/\/telediarioqueretaro.co\/?p=4103"},"modified":"2024-08-19T14:57:56","modified_gmt":"2024-08-19T14:57:56","slug":"el-marques-lanza-campana-de-descuentos-en-multas-y-recargos-del-predial","status":"publish","type":"post","link":"https:\/\/telediarioqueretaro.co\/?p=4103","title":{"rendered":"El Marqu\u00e9s Lanza Campa\u00f1a De Descuentos En Multas Y Recargos Del Predial"},"content":{"rendered":"\n<figure class=\"wp-block-image size-large\"><img loading=\"lazy\" decoding=\"async\" width=\"1024\" height=\"543\" src=\"https:\/\/telediarioqueretaro.co\/wp-content\/uploads\/2024\/08\/image-35-1024x543.png\" alt=\"\" class=\"wp-image-4104\" srcset=\"https:\/\/telediarioqueretaro.co\/wp-content\/uploads\/2024\/08\/image-35-1024x543.png 1024w, https:\/\/telediarioqueretaro.co\/wp-content\/uploads\/2024\/08\/image-35-300x159.png 300w, https:\/\/telediarioqueretaro.co\/wp-content\/uploads\/2024\/08\/image-35-768x407.png 768w, https:\/\/telediarioqueretaro.co\/wp-content\/uploads\/2024\/08\/image-35.png 1210w\" sizes=\"auto, (max-width: 1024px) 100vw, 1024px\" \/><\/figure>\n\n\n\n<p>El municipio de El Marqu\u00e9s, a trav\u00e9s de la Secretar\u00eda de Finanzas P\u00fablicas y Tesorer\u00eda Municipal, llevar\u00e1 a cabo una campa\u00f1a de descuentos en multas y recargos del predial, del martes 20 de agosto del presente a\u00f1o, hasta el 20 de septiembre, en la que se ofrecer\u00e1 el 80% de descuento.<\/p>\n\n\n\n<p>De acuerdo con la directora de Ingresos, Rosa L\u00f3pez Mungu\u00eda, la campa\u00f1a se realiza en apoyo a la ciudadan\u00eda para que resulte m\u00e1s accesible realizar dicho pago.<\/p>\n\n\n\n<p>\u201cVamos a implementar una campa\u00f1a de descuento en materia de predial, 80% descuento en multas y recargos, esto es con la finalidad de apoyar en la econom\u00eda a los contribuyentes y que se pongan al corriente. Sabemos, hoy en d\u00eda, la situaci\u00f3n econ\u00f3mica por la que ha atravesado el pa\u00eds. En ese sentido, es un apoyo que se le va a estar brindando a todas aquellas personas que no han podido ponerse al corriente con el impuesto predial y esta es una campa\u00f1a para que se regularicen y, asimismo, puedan obtener los beneficios\u201d<\/p>\n\n\n\n<p>Cabe destacar que para los contribuyentes que se regularicen con este impuesto, su predio contar\u00e1 con un seguro de vivienda, contra robo, da\u00f1os por incendios, inundaciones o alguna explosi\u00f3n.<\/p>\n\n\n\n<p>Sumado a lo anterior, para acercar estos tr\u00e1mites a la ciudadan\u00eda se dispondr\u00e1n cajas recaudadoras en el Centro municipal en Jes\u00fas Mar\u00eda, las nuevas instalciones de Protecci\u00f3n Civil en Residencial del Parque, en Discovery Center ubicado en Zibat\u00e1, La Pradera, El Colorado, Chichimequillas y La Ca\u00f1ada. Tambi\u00e9n los marquesinos podr\u00e1n realizar su pago v\u00eda internet a trav\u00e9s del portal web de El Marqu\u00e9s.<\/p>\n\n\n\n<p>Es importante se\u00f1alar que para acceder a este descuento, los contribuyentes no tendr\u00e1n que llenar alg\u00fan formato previo, pues el descuento se aplicar\u00e1 de forma directa. Para esta campa\u00f1a, la actual administraci\u00f3n espera recaudar cerca de 10 millones de pesos.<\/p>\n\n\n\n<p>Para mayores informes llamar al 442 238 8400 Exts. 1560 y 1561.<\/p>\n","protected":false},"excerpt":{"rendered":"<p>El municipio de El Marqu\u00e9s, a trav\u00e9s de la Secretar\u00eda de Finanzas P\u00fablicas y Tesorer\u00eda Municipal, llevar\u00e1 a cabo una campa\u00f1a de descuentos en multas y recargos del predial, del martes 20 de agosto del presente a\u00f1o, hasta el 20 de septiembre, en la que se ofrecer\u00e1 el 80% de [&hellip;]<\/p>\n","protected":false},"author":2,"featured_media":4104,"comment_status":"open","ping_status":"open","sticky":false,"template":"","format":"standard","meta":{"footnotes":""},"categories":[1],"tags":[],"class_list":["post-4103","post","type-post","status-publish","format-standard","has-post-thumbnail","hentry","category-sin-categoria"],"_links":{"self":[{"href":"https:\/\/telediarioqueretaro.co\/index.php?rest_route=\/wp\/v2\/posts\/4103","targetHints":{"allow":["GET"]}}],"collection":[{"href":"https:\/\/telediarioqueretaro.co\/index.php?rest_route=\/wp\/v2\/posts"}],"about":[{"href":"https:\/\/telediarioqueretaro.co\/index.php?rest_route=\/wp\/v2\/types\/post"}],"author":[{"embeddable":true,"href":"https:\/\/telediarioqueretaro.co\/index.php?rest_route=\/wp\/v2\/users\/2"}],"replies":[{"embeddable":true,"href":"https:\/\/telediarioqueretaro.co\/index.php?rest_route=%2Fwp%2Fv2%2Fcomments&post=4103"}],"version-history":[{"count":1,"href":"https:\/\/telediarioqueretaro.co\/index.php?rest_route=\/wp\/v2\/posts\/4103\/revisions"}],"predecessor-version":[{"id":4105,"href":"https:\/\/telediarioqueretaro.co\/index.php?rest_route=\/wp\/v2\/posts\/4103\/revisions\/4105"}],"wp:featuredmedia":[{"embeddable":true,"href":"https:\/\/telediarioqueretaro.co\/index.php?rest_route=\/wp\/v2\/media\/4104"}],"wp:attachment":[{"href":"https:\/\/telediarioqueretaro.co\/index.php?rest_route=%2Fwp%2Fv2%2Fmedia&parent=4103"}],"wp:term":[{"taxonomy":"category","embeddable":true,"href":"https:\/\/telediarioqueretaro.co\/index.php?rest_route=%2Fwp%2Fv2%2Fcategories&post=4103"},{"taxonomy":"post_tag","embeddable":true,"href":"https:\/\/telediarioqueretaro.co\/index.php?rest_route=%2Fwp%2Fv2%2Ftags&post=4103"}],"curies":[{"name":"wp","href":"https:\/\/api.w.org\/{rel}","templated":true}]}}