{"id":4158,"date":"2024-08-26T13:22:39","date_gmt":"2024-08-26T13:22:39","guid":{"rendered":"https:\/\/telediarioqueretaro.co\/?p=4158"},"modified":"2024-08-26T13:22:39","modified_gmt":"2024-08-26T13:22:39","slug":"colegio-de-abogados-litigantes-marcha-en-apoyo-a-trabajadores-del-poder-judicial-federal","status":"publish","type":"post","link":"https:\/\/telediarioqueretaro.co\/?p=4158","title":{"rendered":"Colegio De Abogados Litigantes Marcha En Apoyo A Trabajadores Del Poder Judicial Federal"},"content":{"rendered":"\n<figure class=\"wp-block-image size-large\"><img loading=\"lazy\" decoding=\"async\" width=\"1024\" height=\"543\" src=\"https:\/\/telediarioqueretaro.co\/wp-content\/uploads\/2024\/08\/image-51-1024x543.png\" alt=\"\" class=\"wp-image-4159\" srcset=\"https:\/\/telediarioqueretaro.co\/wp-content\/uploads\/2024\/08\/image-51-1024x543.png 1024w, https:\/\/telediarioqueretaro.co\/wp-content\/uploads\/2024\/08\/image-51-300x159.png 300w, https:\/\/telediarioqueretaro.co\/wp-content\/uploads\/2024\/08\/image-51-768x407.png 768w, https:\/\/telediarioqueretaro.co\/wp-content\/uploads\/2024\/08\/image-51.png 1210w\" sizes=\"auto, (max-width: 1024px) 100vw, 1024px\" \/><\/figure>\n\n\n\n<p>Miembros del Colegio de Abogados Litigantes de Quer\u00e9taro, encabezados por su presidenta, Mayela Portos Hern\u00e1ndez, respaldaron este domingo a trabajadores del Poder Judicial Federal con una marcha en rechazo a la propuesta de Ley para Reformar al PJF.<\/p>\n\n\n\n<p>Mayela Portos expres\u00f3 que como abogados litigantes conocen perfectamente del trabajo y actuar de los Tribunales Federales, d\u00f3nde de confirmarse la pretendida reforma los m\u00e1s perjudicados ser\u00e1n las y los justiciables, es decir, todos los ciudadanos que buscan acceder a la justicia.<\/p>\n\n\n\n<p>\u201cExpresamos nuestro apoyo y respaldo p\u00fablicamente en esta marcha porque como gremio vinculado al hacer y actuar de los Tribunales Federales en los procesos legales conocemos de su trayectoria y grado de especializaci\u00f3n que tienen aqu\u00ed en Quer\u00e9taro y en los diferentes circuitos del pa\u00eds, elementos hoy que no se est\u00e1n tomando en cuenta\u201d.<\/p>\n\n\n\n<p>Al participar en esta marcha pac\u00edfica que inici\u00f3 al exterior de la Alameda Miguel Hidalgo y concluy\u00f3 con un mitin de posicionamiento en Plaza de Armas, integrantes del Colegio de Abogados manifestaron que tambi\u00e9n apoyan y son solidarios con el paro de labores que decidieron emprender los trabajadores del PJF, a pesar de que ello impacta directamente en los tiempos y respuesta del trabajo que promueven como litigantes.<\/p>\n\n\n\n<p>\u201cPor supuesto que tambi\u00e9n nos impacta el paro de labores como usuarios de los Tribunales Federales en Quer\u00e9taro, pero el momento, los alcances y la gravedad que representa este proyecto de reforma amerita las acciones que han decidido llevar a cabo\u201d.<\/p>\n\n\n\n<p>Cabe mencionar que dentro del respaldo que el gremio de litigantes ha manifestado a trabajadores del Poder Judicial Federal, se realiz\u00f3 el pasado viernes en las instalaciones de FECAPEQ el foro denominado \u201cEl Poder Judicial Federal de cara a la sociedad\u201d d\u00f3nde de manera pr\u00e1ctica se mostr\u00f3 el impacto que tiene en la vida del ciudadano contar con un sistema de Justicia Federal fuerte, imparcial y con personal debidamente especializado.<\/p>\n","protected":false},"excerpt":{"rendered":"<p>Miembros del Colegio de Abogados Litigantes de Quer\u00e9taro, encabezados por su presidenta, Mayela Portos Hern\u00e1ndez, respaldaron este domingo a trabajadores del Poder Judicial Federal con una marcha en rechazo a la propuesta de Ley para Reformar al PJF. Mayela Portos expres\u00f3 que como abogados litigantes conocen perfectamente del trabajo y [&hellip;]<\/p>\n","protected":false},"author":2,"featured_media":4159,"comment_status":"open","ping_status":"open","sticky":false,"template":"","format":"standard","meta":{"footnotes":""},"categories":[1],"tags":[],"class_list":["post-4158","post","type-post","status-publish","format-standard","has-post-thumbnail","hentry","category-sin-categoria"],"_links":{"self":[{"href":"https:\/\/telediarioqueretaro.co\/index.php?rest_route=\/wp\/v2\/posts\/4158","targetHints":{"allow":["GET"]}}],"collection":[{"href":"https:\/\/telediarioqueretaro.co\/index.php?rest_route=\/wp\/v2\/posts"}],"about":[{"href":"https:\/\/telediarioqueretaro.co\/index.php?rest_route=\/wp\/v2\/types\/post"}],"author":[{"embeddable":true,"href":"https:\/\/telediarioqueretaro.co\/index.php?rest_route=\/wp\/v2\/users\/2"}],"replies":[{"embeddable":true,"href":"https:\/\/telediarioqueretaro.co\/index.php?rest_route=%2Fwp%2Fv2%2Fcomments&post=4158"}],"version-history":[{"count":1,"href":"https:\/\/telediarioqueretaro.co\/index.php?rest_route=\/wp\/v2\/posts\/4158\/revisions"}],"predecessor-version":[{"id":4160,"href":"https:\/\/telediarioqueretaro.co\/index.php?rest_route=\/wp\/v2\/posts\/4158\/revisions\/4160"}],"wp:featuredmedia":[{"embeddable":true,"href":"https:\/\/telediarioqueretaro.co\/index.php?rest_route=\/wp\/v2\/media\/4159"}],"wp:attachment":[{"href":"https:\/\/telediarioqueretaro.co\/index.php?rest_route=%2Fwp%2Fv2%2Fmedia&parent=4158"}],"wp:term":[{"taxonomy":"category","embeddable":true,"href":"https:\/\/telediarioqueretaro.co\/index.php?rest_route=%2Fwp%2Fv2%2Fcategories&post=4158"},{"taxonomy":"post_tag","embeddable":true,"href":"https:\/\/telediarioqueretaro.co\/index.php?rest_route=%2Fwp%2Fv2%2Ftags&post=4158"}],"curies":[{"name":"wp","href":"https:\/\/api.w.org\/{rel}","templated":true}]}}