{"id":4179,"date":"2024-08-28T13:58:46","date_gmt":"2024-08-28T13:58:46","guid":{"rendered":"https:\/\/telediarioqueretaro.co\/?p=4179"},"modified":"2024-09-03T13:59:21","modified_gmt":"2024-09-03T13:59:21","slug":"para-disminuir-accidentes-reforzaran-senaletica-cerca-de-las-vias-ferreas-en-el-marques","status":"publish","type":"post","link":"https:\/\/telediarioqueretaro.co\/?p=4179","title":{"rendered":"Para Disminuir Accidentes, Reforzar\u00e1n Se\u00f1al\u00e9tica Cerca De Las V\u00edas F\u00e9rreas En El Marqu\u00e9s"},"content":{"rendered":"\n<figure class=\"wp-block-image size-full\"><img loading=\"lazy\" decoding=\"async\" width=\"585\" height=\"418\" src=\"https:\/\/telediarioqueretaro.co\/wp-content\/uploads\/2024\/09\/image-5.png\" alt=\"\" class=\"wp-image-4180\" srcset=\"https:\/\/telediarioqueretaro.co\/wp-content\/uploads\/2024\/09\/image-5.png 585w, https:\/\/telediarioqueretaro.co\/wp-content\/uploads\/2024\/09\/image-5-300x214.png 300w\" sizes=\"auto, (max-width: 585px) 100vw, 585px\" \/><\/figure>\n\n\n\n<p>La presidenta municipal de El Marqu\u00e9s, Claudia Mart\u00ednez Guevara, indic\u00f3 que trabajar\u00e1n para mejorar la visibilidad de las se\u00f1ales de tr\u00e1nsito cerca de las v\u00edas f\u00e9rreas.&nbsp;<\/p>\n\n\n\n<p>Esto, a prop\u00f3sito del accidente que el pasado fin de semana dej\u00f3 a personas fallecidas y otras gravemente heridas.<\/p>\n\n\n\n<p>Sin embargo, la alcaldesa consider\u00f3 que, aunado al trabajo que impulse la administraci\u00f3n, cabe la cooperaci\u00f3n e la ciudadan\u00eda para tomar las previsiones necesarias que eviten esta clase de accidentes.&nbsp;<\/p>\n\n\n\n<p>\u201cEstaremos revisando no solo este (el accidente de Amazcala). Tambi\u00e9n es un llamado a la ciudadan\u00eda, necesitamos que extremen precauciones, sobre todo porque son \u00e1reas muy delicadas\u201d.<\/p>\n\n\n\n<p>Record\u00f3 que hay comunidades en la demarcaci\u00f3n que tienen estos cruces de trenes, y se han presentado otros incidentes.&nbsp;<\/p>\n\n\n\n<p>\u201cEs complicado que puedan detenerse a tiempo (los trenes), para que nos apoyen en el sentido de tener much\u00edsima precauci\u00f3n y de nuestra parte tambi\u00e9n haremos todo lo posible por poner se\u00f1al\u00e9tica en todos aquellos puntos que presenten alg\u00fan riesgo\u201d.<\/p>\n","protected":false},"excerpt":{"rendered":"<p>La presidenta municipal de El Marqu\u00e9s, Claudia Mart\u00ednez Guevara, indic\u00f3 que trabajar\u00e1n para mejorar la visibilidad de las se\u00f1ales de tr\u00e1nsito cerca de las v\u00edas f\u00e9rreas.&nbsp; Esto, a prop\u00f3sito del accidente que el pasado fin de semana dej\u00f3 a personas fallecidas y otras gravemente heridas. Sin embargo, la alcaldesa consider\u00f3 [&hellip;]<\/p>\n","protected":false},"author":2,"featured_media":4180,"comment_status":"open","ping_status":"open","sticky":false,"template":"","format":"standard","meta":{"footnotes":""},"categories":[1],"tags":[],"class_list":["post-4179","post","type-post","status-publish","format-standard","has-post-thumbnail","hentry","category-sin-categoria"],"_links":{"self":[{"href":"https:\/\/telediarioqueretaro.co\/index.php?rest_route=\/wp\/v2\/posts\/4179","targetHints":{"allow":["GET"]}}],"collection":[{"href":"https:\/\/telediarioqueretaro.co\/index.php?rest_route=\/wp\/v2\/posts"}],"about":[{"href":"https:\/\/telediarioqueretaro.co\/index.php?rest_route=\/wp\/v2\/types\/post"}],"author":[{"embeddable":true,"href":"https:\/\/telediarioqueretaro.co\/index.php?rest_route=\/wp\/v2\/users\/2"}],"replies":[{"embeddable":true,"href":"https:\/\/telediarioqueretaro.co\/index.php?rest_route=%2Fwp%2Fv2%2Fcomments&post=4179"}],"version-history":[{"count":1,"href":"https:\/\/telediarioqueretaro.co\/index.php?rest_route=\/wp\/v2\/posts\/4179\/revisions"}],"predecessor-version":[{"id":4181,"href":"https:\/\/telediarioqueretaro.co\/index.php?rest_route=\/wp\/v2\/posts\/4179\/revisions\/4181"}],"wp:featuredmedia":[{"embeddable":true,"href":"https:\/\/telediarioqueretaro.co\/index.php?rest_route=\/wp\/v2\/media\/4180"}],"wp:attachment":[{"href":"https:\/\/telediarioqueretaro.co\/index.php?rest_route=%2Fwp%2Fv2%2Fmedia&parent=4179"}],"wp:term":[{"taxonomy":"category","embeddable":true,"href":"https:\/\/telediarioqueretaro.co\/index.php?rest_route=%2Fwp%2Fv2%2Fcategories&post=4179"},{"taxonomy":"post_tag","embeddable":true,"href":"https:\/\/telediarioqueretaro.co\/index.php?rest_route=%2Fwp%2Fv2%2Ftags&post=4179"}],"curies":[{"name":"wp","href":"https:\/\/api.w.org\/{rel}","templated":true}]}}