{"id":4192,"date":"2024-08-29T14:24:44","date_gmt":"2024-08-29T14:24:44","guid":{"rendered":"https:\/\/telediarioqueretaro.co\/?p=4192"},"modified":"2024-09-03T14:25:17","modified_gmt":"2024-09-03T14:25:17","slug":"sedea-continua-entregando-semilla-para-cultivos-forrajeros-en-ezequiel-montes-y-cadereyta","status":"publish","type":"post","link":"https:\/\/telediarioqueretaro.co\/?p=4192","title":{"rendered":"SEDEA Contin\u00faa Entregando Semilla Para Cultivos Forrajeros En Ezequiel Montes Y Cadereyta"},"content":{"rendered":"\n<figure class=\"wp-block-image size-full\"><img loading=\"lazy\" decoding=\"async\" width=\"585\" height=\"418\" src=\"https:\/\/telediarioqueretaro.co\/wp-content\/uploads\/2024\/09\/image-9.png\" alt=\"\" class=\"wp-image-4193\" srcset=\"https:\/\/telediarioqueretaro.co\/wp-content\/uploads\/2024\/09\/image-9.png 585w, https:\/\/telediarioqueretaro.co\/wp-content\/uploads\/2024\/09\/image-9-300x214.png 300w\" sizes=\"auto, (max-width: 585px) 100vw, 585px\" \/><\/figure>\n\n\n\n<p>El secretario de Desarrollo Agropecuario, Rosendo Anaya, encabez\u00f3 la entrega de m\u00e1s de 38 toneladas de avena, con un valor de un mill\u00f3n de pesos, para Ezequiel Montes y Cadereyta, como apoyo a 208 productores de ambos municipios, en beneficio de 132 y 251 hect\u00e1reas respectivamente.<\/p>\n\n\n\n<p>\u201cLes vamos a hacer la entrega de algunos costales de avena para que ustedes la puedan sembrar y que les ayude para el forraje. Esto en su gran mayor\u00eda es principalmente para peque\u00f1os productores, con la finalidad que ustedes se ayuden y que se preparen en algo para el tema del forraje, en caso de que haya escasez en la pr\u00f3xima temporada de estiaje, en la pr\u00f3xima temporada de sequ\u00eda.\u201d, se\u00f1al\u00f3.<\/p>\n\n\n\n<p>Comparti\u00f3 que, iniciada la temporada, el exceso de lluvias complica las labores de siembra, por ello, se prev\u00e9 que la disponibilidad de forraje para consumo del ganado se encuentre limitado, generando un posible aumento en los costos de producci\u00f3n y la reducci\u00f3n de los par\u00e1metros productivos y reproductivos de los hatos, por ello el Gobierno del Estado, promueve el establecimiento de cultivos alternativos como la avena y el garbanzo.<\/p>\n\n\n\n<p>Durante su intervenci\u00f3n, la presidenta municipal de Ezequiel Montes, Lupita P\u00e9rez, confirm\u00f3 la importancia de ser favorecidos con este apoyo que brinda el Gobierno del Estado a trav\u00e9s de la SEDEA y de que manera va a beneficiar en su econom\u00eda y sus familias.<\/p>\n\n\n\n<p>\u201cEs importante resaltar y comentar el apoyo que hemos recibido por parte del gobernador Mauricio Kuri que ha sido un gran aliado para los productores y que se ha hecho una muy buena sinergia con el municipio, con el estado\u201d, &nbsp;indic\u00f3.<\/p>\n","protected":false},"excerpt":{"rendered":"<p>El secretario de Desarrollo Agropecuario, Rosendo Anaya, encabez\u00f3 la entrega de m\u00e1s de 38 toneladas de avena, con un valor de un mill\u00f3n de pesos, para Ezequiel Montes y Cadereyta, como apoyo a 208 productores de ambos municipios, en beneficio de 132 y 251 hect\u00e1reas respectivamente. \u201cLes vamos a hacer [&hellip;]<\/p>\n","protected":false},"author":2,"featured_media":4193,"comment_status":"open","ping_status":"open","sticky":false,"template":"","format":"standard","meta":{"footnotes":""},"categories":[1],"tags":[],"class_list":["post-4192","post","type-post","status-publish","format-standard","has-post-thumbnail","hentry","category-sin-categoria"],"_links":{"self":[{"href":"https:\/\/telediarioqueretaro.co\/index.php?rest_route=\/wp\/v2\/posts\/4192","targetHints":{"allow":["GET"]}}],"collection":[{"href":"https:\/\/telediarioqueretaro.co\/index.php?rest_route=\/wp\/v2\/posts"}],"about":[{"href":"https:\/\/telediarioqueretaro.co\/index.php?rest_route=\/wp\/v2\/types\/post"}],"author":[{"embeddable":true,"href":"https:\/\/telediarioqueretaro.co\/index.php?rest_route=\/wp\/v2\/users\/2"}],"replies":[{"embeddable":true,"href":"https:\/\/telediarioqueretaro.co\/index.php?rest_route=%2Fwp%2Fv2%2Fcomments&post=4192"}],"version-history":[{"count":1,"href":"https:\/\/telediarioqueretaro.co\/index.php?rest_route=\/wp\/v2\/posts\/4192\/revisions"}],"predecessor-version":[{"id":4194,"href":"https:\/\/telediarioqueretaro.co\/index.php?rest_route=\/wp\/v2\/posts\/4192\/revisions\/4194"}],"wp:featuredmedia":[{"embeddable":true,"href":"https:\/\/telediarioqueretaro.co\/index.php?rest_route=\/wp\/v2\/media\/4193"}],"wp:attachment":[{"href":"https:\/\/telediarioqueretaro.co\/index.php?rest_route=%2Fwp%2Fv2%2Fmedia&parent=4192"}],"wp:term":[{"taxonomy":"category","embeddable":true,"href":"https:\/\/telediarioqueretaro.co\/index.php?rest_route=%2Fwp%2Fv2%2Fcategories&post=4192"},{"taxonomy":"post_tag","embeddable":true,"href":"https:\/\/telediarioqueretaro.co\/index.php?rest_route=%2Fwp%2Fv2%2Ftags&post=4192"}],"curies":[{"name":"wp","href":"https:\/\/api.w.org\/{rel}","templated":true}]}}