{"id":4210,"date":"2024-08-31T14:33:14","date_gmt":"2024-08-31T14:33:14","guid":{"rendered":"https:\/\/telediarioqueretaro.co\/?p=4210"},"modified":"2024-09-03T14:33:47","modified_gmt":"2024-09-03T14:33:47","slug":"queretaro-numero-uno-en-transparencia-ejecucion-del-gasto-y-rendicion-de-cuentas-contralor","status":"publish","type":"post","link":"https:\/\/telediarioqueretaro.co\/?p=4210","title":{"rendered":"Quer\u00e9taro, N\u00famero Uno En Transparencia, Ejecuci\u00f3n Del Gasto Y Rendici\u00f3n De Cuentas: Contralor"},"content":{"rendered":"\n<figure class=\"wp-block-image size-full\"><img loading=\"lazy\" decoding=\"async\" width=\"585\" height=\"418\" src=\"https:\/\/telediarioqueretaro.co\/wp-content\/uploads\/2024\/09\/image-15.png\" alt=\"\" class=\"wp-image-4211\" srcset=\"https:\/\/telediarioqueretaro.co\/wp-content\/uploads\/2024\/09\/image-15.png 585w, https:\/\/telediarioqueretaro.co\/wp-content\/uploads\/2024\/09\/image-15-300x214.png 300w\" sizes=\"auto, (max-width: 585px) 100vw, 585px\" \/><\/figure>\n\n\n\n<p>Durante su participaci\u00f3n en la Regi\u00f3n Centro Pac\u00edfico de la Comisi\u00f3n Permanente de Contralores Estados Federaci\u00f3n (CPCEF), en la que expuso el tema \u201cPr\u00e1cticas exitosas y retos de la administraci\u00f3n p\u00fablica\u201d, el secretario de la Contralor\u00eda, Oscar Garc\u00eda Gonz\u00e1lez, destac\u00f3 la acciones que se han llevado a cabo en Quer\u00e9taro para ser punta de lanza y el mejor estado del pa\u00eds en materia de transparencia, ejecuci\u00f3n del gasto y rendici\u00f3n de cuentas.<\/p>\n\n\n\n<p>Record\u00f3 que la entidad es una de las seis l\u00edderes en el pa\u00eds, encargada de coordinar acciones, proyectos y mesas de trabajo que realicen los estados integrantes para generar mecanismos de prevenci\u00f3n, control y combate a la corrupci\u00f3n.<\/p>\n\n\n\n<p>Indic\u00f3 que la Regi\u00f3n Centro Pac\u00edfico se especializa en proyectos de normas de profesionalizaci\u00f3n y \u00e9tica p\u00fablica. Se trabaja en acciones de prevenci\u00f3n, control, fiscalizaci\u00f3n y combate a la corrupci\u00f3n; con el acompa\u00f1amiento y coordinaci\u00f3n con todos los estados y la propia federaci\u00f3n.<\/p>\n\n\n\n<p>Oscar Garc\u00eda tambi\u00e9n agradeci\u00f3 el apoyo de la CPCEF, as\u00ed como de la Secretar\u00eda de la Funci\u00f3n P\u00fablica (SFP), que impulsan los trabajos de la regi\u00f3n; adem\u00e1s del asesoramiento en el proceso de cierre de las administraciones municipales y en algunos casos, estatales.<\/p>\n\n\n\n<p>En su oportunidad, el coordinador general de Fiscalizaci\u00f3n de la SFP, Eduardo Gurza Curiel, destac\u00f3 la anfitrion\u00eda y liderazgo de Quer\u00e9taro; as\u00ed como las l\u00edneas de acci\u00f3n que han llevado a cabo en esta regi\u00f3n, las cuales, asegur\u00f3, han permitido avanzar en el cumplimiento de objetivos que marca el Sistema Nacional Anticorrupci\u00f3n (SNA).<\/p>\n\n\n\n<p>A su vez, el secretario de la Contralor\u00eda de Hidalgo y coordinador regional de la zona Centro-Golfo-Itsmo de la CPCEF, \u00c1lvaro Mart\u00edn Bardales Ram\u00edrez, present\u00f3 la conferencia \u201cLaboratorio de Calidad y An\u00e1lisis de Materiales\u201d tema que destac\u00f3 en proyectos exitosos que pueden llevar a cabo las dem\u00e1s contralor\u00edas.<\/p>\n\n\n\n<p>Los trabajos se desarrollaron en el municipio de El Marqu\u00e9s, donde se congregaron los contralores de los estados de Morelos, Guerrero, Estado de M\u00e9xico, Ciudad de M\u00e9xico y Michoac\u00e1n; que componen la regi\u00f3n, junto con Quer\u00e9taro; as\u00ed como los titulares de Baja California Sur, San Luis Potos\u00ed, Hidalgo y Nuevo Le\u00f3n, que tienen cargos directivos en la CPCEF, adem\u00e1s de representantes de la SFP.<\/p>\n","protected":false},"excerpt":{"rendered":"<p>Durante su participaci\u00f3n en la Regi\u00f3n Centro Pac\u00edfico de la Comisi\u00f3n Permanente de Contralores Estados Federaci\u00f3n (CPCEF), en la que expuso el tema \u201cPr\u00e1cticas exitosas y retos de la administraci\u00f3n p\u00fablica\u201d, el secretario de la Contralor\u00eda, Oscar Garc\u00eda Gonz\u00e1lez, destac\u00f3 la acciones que se han llevado a cabo en Quer\u00e9taro [&hellip;]<\/p>\n","protected":false},"author":2,"featured_media":4211,"comment_status":"open","ping_status":"open","sticky":false,"template":"","format":"standard","meta":{"footnotes":""},"categories":[1],"tags":[],"class_list":["post-4210","post","type-post","status-publish","format-standard","has-post-thumbnail","hentry","category-sin-categoria"],"_links":{"self":[{"href":"https:\/\/telediarioqueretaro.co\/index.php?rest_route=\/wp\/v2\/posts\/4210","targetHints":{"allow":["GET"]}}],"collection":[{"href":"https:\/\/telediarioqueretaro.co\/index.php?rest_route=\/wp\/v2\/posts"}],"about":[{"href":"https:\/\/telediarioqueretaro.co\/index.php?rest_route=\/wp\/v2\/types\/post"}],"author":[{"embeddable":true,"href":"https:\/\/telediarioqueretaro.co\/index.php?rest_route=\/wp\/v2\/users\/2"}],"replies":[{"embeddable":true,"href":"https:\/\/telediarioqueretaro.co\/index.php?rest_route=%2Fwp%2Fv2%2Fcomments&post=4210"}],"version-history":[{"count":1,"href":"https:\/\/telediarioqueretaro.co\/index.php?rest_route=\/wp\/v2\/posts\/4210\/revisions"}],"predecessor-version":[{"id":4212,"href":"https:\/\/telediarioqueretaro.co\/index.php?rest_route=\/wp\/v2\/posts\/4210\/revisions\/4212"}],"wp:featuredmedia":[{"embeddable":true,"href":"https:\/\/telediarioqueretaro.co\/index.php?rest_route=\/wp\/v2\/media\/4211"}],"wp:attachment":[{"href":"https:\/\/telediarioqueretaro.co\/index.php?rest_route=%2Fwp%2Fv2%2Fmedia&parent=4210"}],"wp:term":[{"taxonomy":"category","embeddable":true,"href":"https:\/\/telediarioqueretaro.co\/index.php?rest_route=%2Fwp%2Fv2%2Fcategories&post=4210"},{"taxonomy":"post_tag","embeddable":true,"href":"https:\/\/telediarioqueretaro.co\/index.php?rest_route=%2Fwp%2Fv2%2Ftags&post=4210"}],"curies":[{"name":"wp","href":"https:\/\/api.w.org\/{rel}","templated":true}]}}