{"id":4213,"date":"2024-09-02T14:34:17","date_gmt":"2024-09-02T14:34:17","guid":{"rendered":"https:\/\/telediarioqueretaro.co\/?p=4213"},"modified":"2024-09-03T14:35:34","modified_gmt":"2024-09-03T14:35:34","slug":"entrega-marco-del-prete-el-primer-certificado-del-programa-ecoescuelas","status":"publish","type":"post","link":"https:\/\/telediarioqueretaro.co\/?p=4213","title":{"rendered":"Entrega Marco Del Prete El Primer Certificado Del Programa EcoEscuelas"},"content":{"rendered":"\n<figure class=\"wp-block-image size-large\"><img loading=\"lazy\" decoding=\"async\" width=\"1024\" height=\"543\" src=\"https:\/\/telediarioqueretaro.co\/wp-content\/uploads\/2024\/09\/image-16-1024x543.png\" alt=\"\" class=\"wp-image-4214\" srcset=\"https:\/\/telediarioqueretaro.co\/wp-content\/uploads\/2024\/09\/image-16-1024x543.png 1024w, https:\/\/telediarioqueretaro.co\/wp-content\/uploads\/2024\/09\/image-16-300x159.png 300w, https:\/\/telediarioqueretaro.co\/wp-content\/uploads\/2024\/09\/image-16-768x407.png 768w, https:\/\/telediarioqueretaro.co\/wp-content\/uploads\/2024\/09\/image-16.png 1210w\" sizes=\"auto, (max-width: 1024px) 100vw, 1024px\" \/><\/figure>\n\n\n\n<p>El titular de la Secretar\u00eda de Desarrollo Sustentable (SEDESU), Marco Antonio Del Prete Tercero, encabez\u00f3 el arranque del programa EcoEscuelas en la secundaria Cerro de las Campanas, del municipio de Tequisquiapan, un acercamiento con las instituciones educativas para poner en marcha acciones para el cuidado de los recursos naturales desde las aulas y que sean replicadas en hogares y comunidades.<\/p>\n\n\n\n<p>\u201cEste programa busca que seamos conscientes de que nuestras acciones afectan al medio ambiente y, por lo tanto, nuestra vida diaria; queremos darles herramientas para que cuidemos el medio ambiente, celebro que se realicen los huertos escolares, que haya un centro de polinizaci\u00f3n y una cosecha de agua de lluvia\u201d, se\u00f1al\u00f3.<\/p>\n\n\n\n<p>Del Prete Tercero se\u00f1al\u00f3 que este esfuerzo que se hace en coordinaci\u00f3n con la USEBEQ ser\u00eda in\u00fatil si los j\u00f3venes no participaran, porque son acciones para el futuro; especific\u00f3 que la Econom\u00eda Circular es un concepto que indica el aprovechamiento de los residuos que se generan para que se integren en nuevos procesos.<\/p>\n\n\n\n<p>El Programa EcoEscuelas tiene como finalidad trazar una nueva etapa en la educaci\u00f3n ambiental, mediante la adopci\u00f3n y asimilaci\u00f3n de conocimientos, adem\u00e1s de la formaci\u00f3n de valores, el desarrollo de competencias y conductas con actividades consecutivas y permanentes para crear una conciencia ambiental, que les permita consolidar a su plantel educativo como un referente para su comunidad.<\/p>\n\n\n\n<p>Durante su intervenci\u00f3n la estudiante, Ivette Ramos Romero, comparti\u00f3 las acciones que en conjunto con sus compa\u00f1eros pusieron en marcha para fortalecer los valores de la educaci\u00f3n ambiental, como la elaboraci\u00f3n de un huerto escolar, un jard\u00edn polinizador, separaci\u00f3n de residuos y reforestaci\u00f3n, mismas que han tenido un impacto para entender su relaci\u00f3n con la naturaleza a nivel, personal, en sus hogares y la comunidad.<\/p>\n\n\n\n<p>A su vez, el presidente municipal de Tequisquiapan, Antonio Mej\u00eda Lira, reconoci\u00f3 el esfuerzo de la SEDESU, en conjunto con el ayuntamiento, por mejorar la recolecci\u00f3n de residuos s\u00f3lidos urbanos en la demarcaci\u00f3n, ya que ahora se genera composta desde el relleno sanitario y agradeci\u00f3 que se haya considerado a la instituci\u00f3n para el arranque del programa.<\/p>\n\n\n\n<p>\u201cMe siento muy satisfecho de que en esta instituci\u00f3n se inicie con las EcoEscuelas, ya que la pol\u00edtica del cuidado del medio ambiente se debe iniciar desde las escuelas, con los estudiantes como protagonistas, que impulsen y ayuden en este rubro tan importante para Tequisquiapan y el pa\u00eds\u201d, puntualiz\u00f3.<\/p>\n\n\n\n<p>Finalmente, el director de la secundaria, Jos\u00e9 Luis Hern\u00e1ndez Orozco, asegur\u00f3 que la instituci\u00f3n se seguir\u00e1 sumando a proyectos para cuidar del medio ambiente y del agua, as\u00ed como promover la sustentabilidad, adem\u00e1s de trabajar para que las nuevas generaciones tengan las herramientas necesarias, que sean creativas e innovadoras para que aporten en la protecci\u00f3n de los recursos naturales.<\/p>\n\n\n\n<p>\u201cNos seguiremos sumando a proyectos en el cuidado del medio ambiente, la sustentabilidad y del cuidado el agua, as\u00ed que vamos a involucrarnos, j\u00f3venes y un aplauso para ustedes porque son el motor por el que estamos reunidos hoy aqu\u00ed\u201d, coment\u00f3.<\/p>\n","protected":false},"excerpt":{"rendered":"<p>El titular de la Secretar\u00eda de Desarrollo Sustentable (SEDESU), Marco Antonio Del Prete Tercero, encabez\u00f3 el arranque del programa EcoEscuelas en la secundaria Cerro de las Campanas, del municipio de Tequisquiapan, un acercamiento con las instituciones educativas para poner en marcha acciones para el cuidado de los recursos naturales desde [&hellip;]<\/p>\n","protected":false},"author":2,"featured_media":4214,"comment_status":"open","ping_status":"open","sticky":false,"template":"","format":"standard","meta":{"footnotes":""},"categories":[1],"tags":[],"class_list":["post-4213","post","type-post","status-publish","format-standard","has-post-thumbnail","hentry","category-sin-categoria"],"_links":{"self":[{"href":"https:\/\/telediarioqueretaro.co\/index.php?rest_route=\/wp\/v2\/posts\/4213","targetHints":{"allow":["GET"]}}],"collection":[{"href":"https:\/\/telediarioqueretaro.co\/index.php?rest_route=\/wp\/v2\/posts"}],"about":[{"href":"https:\/\/telediarioqueretaro.co\/index.php?rest_route=\/wp\/v2\/types\/post"}],"author":[{"embeddable":true,"href":"https:\/\/telediarioqueretaro.co\/index.php?rest_route=\/wp\/v2\/users\/2"}],"replies":[{"embeddable":true,"href":"https:\/\/telediarioqueretaro.co\/index.php?rest_route=%2Fwp%2Fv2%2Fcomments&post=4213"}],"version-history":[{"count":1,"href":"https:\/\/telediarioqueretaro.co\/index.php?rest_route=\/wp\/v2\/posts\/4213\/revisions"}],"predecessor-version":[{"id":4215,"href":"https:\/\/telediarioqueretaro.co\/index.php?rest_route=\/wp\/v2\/posts\/4213\/revisions\/4215"}],"wp:featuredmedia":[{"embeddable":true,"href":"https:\/\/telediarioqueretaro.co\/index.php?rest_route=\/wp\/v2\/media\/4214"}],"wp:attachment":[{"href":"https:\/\/telediarioqueretaro.co\/index.php?rest_route=%2Fwp%2Fv2%2Fmedia&parent=4213"}],"wp:term":[{"taxonomy":"category","embeddable":true,"href":"https:\/\/telediarioqueretaro.co\/index.php?rest_route=%2Fwp%2Fv2%2Fcategories&post=4213"},{"taxonomy":"post_tag","embeddable":true,"href":"https:\/\/telediarioqueretaro.co\/index.php?rest_route=%2Fwp%2Fv2%2Ftags&post=4213"}],"curies":[{"name":"wp","href":"https:\/\/api.w.org\/{rel}","templated":true}]}}