{"id":4227,"date":"2024-09-04T13:14:48","date_gmt":"2024-09-04T13:14:48","guid":{"rendered":"https:\/\/telediarioqueretaro.co\/?p=4227"},"modified":"2024-09-04T13:14:48","modified_gmt":"2024-09-04T13:14:48","slug":"lista-la-campana-de-vacunacion-contra-el-virus-del-papiloma-humano","status":"publish","type":"post","link":"https:\/\/telediarioqueretaro.co\/?p=4227","title":{"rendered":"Lista La Campa\u00f1a De Vacunaci\u00f3n Contra El Virus Del Papiloma Humano"},"content":{"rendered":"\n<figure class=\"wp-block-image size-full\"><img loading=\"lazy\" decoding=\"async\" width=\"585\" height=\"418\" src=\"https:\/\/telediarioqueretaro.co\/wp-content\/uploads\/2024\/09\/image-20.png\" alt=\"\" class=\"wp-image-4228\" srcset=\"https:\/\/telediarioqueretaro.co\/wp-content\/uploads\/2024\/09\/image-20.png 585w, https:\/\/telediarioqueretaro.co\/wp-content\/uploads\/2024\/09\/image-20-300x214.png 300w\" sizes=\"auto, (max-width: 585px) 100vw, 585px\" \/><\/figure>\n\n\n\n<p>La Secretar\u00eda de Salud (SESA) del estado de Quer\u00e9taro informa que, desde el 2 de septiembre y hasta el 18 de diciembre de 2024, se realizar\u00e1 la Campa\u00f1a de vacunaci\u00f3n contra el Virus del Papiloma Humano (VPH) con el objetivo de vacunar a las ni\u00f1as de quinto de primaria o de 11 a\u00f1os no inscritas en el Sistema Educativo Nacional, as\u00ed como a las ni\u00f1as de 12 a 16 a\u00f1os de edad que no hayan recibido al menos una dosis de vacuna contra el VPH en a\u00f1os previos.<\/p>\n\n\n\n<p>La meta estatal programada es de aplicar 21 mil 889 dosis para cubrir a las ni\u00f1as inscritas en las mil 591 primarias p\u00fablicas y privadas, y ni\u00f1as no escolarizadas. La actividad ser\u00e1 cubierta por las y los profesionales del Instituto de Seguridad y Servicios Sociales de los Trabajadores del Estado (ISSSTE), el Instituto Mexicano del Seguro Social Ordinario (IMSS) y Servicios de Salud del Estado de Quer\u00e9taro (SESEQ) en las unidades de salud en el horario correspondiente de cada establecimiento.<\/p>\n\n\n\n<p>La infecci\u00f3n por el Virus del Papiloma Humano (VPH) es considerada la infecci\u00f3n de transmisi\u00f3n sexual (ITS) m\u00e1s frecuente, afectando a m\u00e1s de la mitad de las mujeres y hombres sexualmente activos en alg\u00fan momento de sus vidas.&nbsp;<\/p>\n\n\n\n<p>Derivado de la limitada disponibilidad de vacuna contra el VPH a nivel mundial, es esencial priorizar a la poblaci\u00f3n objetivo considerando el costo efectividad y genere mayor impacto en la salud p\u00fablica, es por ello que el Centro Nacional para la Salud de la Infancia y la Adolescencia (CeNSIA) de la Secretar\u00eda de Salud Federal en el a\u00f1o 2022 efectu\u00f3 la Campa\u00f1a de mitigaci\u00f3n del rezago de esquemas de vacunaci\u00f3n contra el Virus del Papiloma Humano (VPH).&nbsp;<\/p>\n\n\n\n<p>Se invita a la poblaci\u00f3n a estar pendiente de las actividades que se realizar\u00e1n en las escuelas, o bien, acudir a su unidad de salud m\u00e9dica m\u00e1s cercana con el formato de consentimiento informado firmado por la madre, padre o tutor el cual debe incluir el CURP de la adolescente.<\/p>\n","protected":false},"excerpt":{"rendered":"<p>La Secretar\u00eda de Salud (SESA) del estado de Quer\u00e9taro informa que, desde el 2 de septiembre y hasta el 18 de diciembre de 2024, se realizar\u00e1 la Campa\u00f1a de vacunaci\u00f3n contra el Virus del Papiloma Humano (VPH) con el objetivo de vacunar a las ni\u00f1as de quinto de primaria o [&hellip;]<\/p>\n","protected":false},"author":2,"featured_media":4228,"comment_status":"open","ping_status":"open","sticky":false,"template":"","format":"standard","meta":{"footnotes":""},"categories":[1],"tags":[],"class_list":["post-4227","post","type-post","status-publish","format-standard","has-post-thumbnail","hentry","category-sin-categoria"],"_links":{"self":[{"href":"https:\/\/telediarioqueretaro.co\/index.php?rest_route=\/wp\/v2\/posts\/4227","targetHints":{"allow":["GET"]}}],"collection":[{"href":"https:\/\/telediarioqueretaro.co\/index.php?rest_route=\/wp\/v2\/posts"}],"about":[{"href":"https:\/\/telediarioqueretaro.co\/index.php?rest_route=\/wp\/v2\/types\/post"}],"author":[{"embeddable":true,"href":"https:\/\/telediarioqueretaro.co\/index.php?rest_route=\/wp\/v2\/users\/2"}],"replies":[{"embeddable":true,"href":"https:\/\/telediarioqueretaro.co\/index.php?rest_route=%2Fwp%2Fv2%2Fcomments&post=4227"}],"version-history":[{"count":1,"href":"https:\/\/telediarioqueretaro.co\/index.php?rest_route=\/wp\/v2\/posts\/4227\/revisions"}],"predecessor-version":[{"id":4229,"href":"https:\/\/telediarioqueretaro.co\/index.php?rest_route=\/wp\/v2\/posts\/4227\/revisions\/4229"}],"wp:featuredmedia":[{"embeddable":true,"href":"https:\/\/telediarioqueretaro.co\/index.php?rest_route=\/wp\/v2\/media\/4228"}],"wp:attachment":[{"href":"https:\/\/telediarioqueretaro.co\/index.php?rest_route=%2Fwp%2Fv2%2Fmedia&parent=4227"}],"wp:term":[{"taxonomy":"category","embeddable":true,"href":"https:\/\/telediarioqueretaro.co\/index.php?rest_route=%2Fwp%2Fv2%2Fcategories&post=4227"},{"taxonomy":"post_tag","embeddable":true,"href":"https:\/\/telediarioqueretaro.co\/index.php?rest_route=%2Fwp%2Fv2%2Ftags&post=4227"}],"curies":[{"name":"wp","href":"https:\/\/api.w.org\/{rel}","templated":true}]}}