{"id":4236,"date":"2024-09-05T13:22:27","date_gmt":"2024-09-05T13:22:27","guid":{"rendered":"https:\/\/telediarioqueretaro.co\/?p=4236"},"modified":"2024-09-05T13:22:28","modified_gmt":"2024-09-05T13:22:28","slug":"tribunal-electoral-quita-diputacion-a-jaime-garrido-del-partido-verde","status":"publish","type":"post","link":"https:\/\/telediarioqueretaro.co\/?p=4236","title":{"rendered":"Tribunal Electoral Quita Diputaci\u00f3n A Jaime Garrido Del Partido Verde"},"content":{"rendered":"\n<figure class=\"wp-block-image size-large\"><img loading=\"lazy\" decoding=\"async\" width=\"1024\" height=\"543\" src=\"https:\/\/telediarioqueretaro.co\/wp-content\/uploads\/2024\/09\/image-23-1024x543.png\" alt=\"\" class=\"wp-image-4237\" srcset=\"https:\/\/telediarioqueretaro.co\/wp-content\/uploads\/2024\/09\/image-23-1024x543.png 1024w, https:\/\/telediarioqueretaro.co\/wp-content\/uploads\/2024\/09\/image-23-300x159.png 300w, https:\/\/telediarioqueretaro.co\/wp-content\/uploads\/2024\/09\/image-23-768x407.png 768w, https:\/\/telediarioqueretaro.co\/wp-content\/uploads\/2024\/09\/image-23.png 1210w\" sizes=\"auto, (max-width: 1024px) 100vw, 1024px\" \/><\/figure>\n\n\n\n<p>Perla Flores Su\u00e1rez asumir\u00e1 la diputaci\u00f3n del Partido Verde Ecologista de M\u00e9xico (PVEM), en la LXI Legislatura del estado, por orden del Tribunal Electoral del Estado de Quer\u00e9taro (TEEQ), con ello, se revoca el acuerdo que hab\u00eda dado esa posici\u00f3n a Jaime Garrido Guti\u00e9rrez.<\/p>\n\n\n\n<p><br>Las tres magistraturas del TEEQ coincidieron en que, acorde a los principios de paridad ordenados en la ley electoral federal, en esta ocasi\u00f3n la primera posici\u00f3n plurinominal del Verde debe ser para una mujer, dado que en el 2021 fue para un hombre.<\/p>\n\n\n\n<p><br>En la distribuci\u00f3n de posiciones de representaci\u00f3n proporcional o plurinominales, el Instituto Electoral del Estado de Quer\u00e9taro (IEEQ) acord\u00f3 otorgar la constancia como pr\u00f3ximo diputado a Jaime Garrido Guti\u00e9rrez, quien estaba en la segunda posici\u00f3n de la lista de prelaci\u00f3n del Partido Verde.<br>En la primera posici\u00f3n qued\u00f3 inscrita Georgina Guzm\u00e1n \u00c1lvarez, quien tambi\u00e9n contendi\u00f3 como diputada de representaci\u00f3n proporcional logrando el triunfo en el distrito 9; de manera que, al alcanzar una posici\u00f3n, qued\u00f3 fuera de las plurinominales.<\/p>\n\n\n\n<p><br>\u201cCiertamente, el partido cumpli\u00f3 con la obligaci\u00f3n de tener a una mujer en la lista como la primera f\u00f3rmula; sin embargo, de manera efectiva, no ser\u00eda una mujer la que se asigna de representaci\u00f3n proporcional en esta ocasi\u00f3n. La primera mujer se fue a mayor\u00eda relativa y como primera f\u00f3rmula de esa lista nos queda un var\u00f3n. Si ya fue asignado un var\u00f3n el periodo pasado, ahora debe de ser asignada una mujer\u201d, explic\u00f3 la magistrada Mar\u00eda Isabel Barriga Ruiz.<\/p>\n","protected":false},"excerpt":{"rendered":"<p>Perla Flores Su\u00e1rez asumir\u00e1 la diputaci\u00f3n del Partido Verde Ecologista de M\u00e9xico (PVEM), en la LXI Legislatura del estado, por orden del Tribunal Electoral del Estado de Quer\u00e9taro (TEEQ), con ello, se revoca el acuerdo que hab\u00eda dado esa posici\u00f3n a Jaime Garrido Guti\u00e9rrez. Las tres magistraturas del TEEQ coincidieron [&hellip;]<\/p>\n","protected":false},"author":2,"featured_media":4237,"comment_status":"open","ping_status":"open","sticky":false,"template":"","format":"standard","meta":{"footnotes":""},"categories":[1],"tags":[],"class_list":["post-4236","post","type-post","status-publish","format-standard","has-post-thumbnail","hentry","category-sin-categoria"],"_links":{"self":[{"href":"https:\/\/telediarioqueretaro.co\/index.php?rest_route=\/wp\/v2\/posts\/4236","targetHints":{"allow":["GET"]}}],"collection":[{"href":"https:\/\/telediarioqueretaro.co\/index.php?rest_route=\/wp\/v2\/posts"}],"about":[{"href":"https:\/\/telediarioqueretaro.co\/index.php?rest_route=\/wp\/v2\/types\/post"}],"author":[{"embeddable":true,"href":"https:\/\/telediarioqueretaro.co\/index.php?rest_route=\/wp\/v2\/users\/2"}],"replies":[{"embeddable":true,"href":"https:\/\/telediarioqueretaro.co\/index.php?rest_route=%2Fwp%2Fv2%2Fcomments&post=4236"}],"version-history":[{"count":1,"href":"https:\/\/telediarioqueretaro.co\/index.php?rest_route=\/wp\/v2\/posts\/4236\/revisions"}],"predecessor-version":[{"id":4238,"href":"https:\/\/telediarioqueretaro.co\/index.php?rest_route=\/wp\/v2\/posts\/4236\/revisions\/4238"}],"wp:featuredmedia":[{"embeddable":true,"href":"https:\/\/telediarioqueretaro.co\/index.php?rest_route=\/wp\/v2\/media\/4237"}],"wp:attachment":[{"href":"https:\/\/telediarioqueretaro.co\/index.php?rest_route=%2Fwp%2Fv2%2Fmedia&parent=4236"}],"wp:term":[{"taxonomy":"category","embeddable":true,"href":"https:\/\/telediarioqueretaro.co\/index.php?rest_route=%2Fwp%2Fv2%2Fcategories&post=4236"},{"taxonomy":"post_tag","embeddable":true,"href":"https:\/\/telediarioqueretaro.co\/index.php?rest_route=%2Fwp%2Fv2%2Ftags&post=4236"}],"curies":[{"name":"wp","href":"https:\/\/api.w.org\/{rel}","templated":true}]}}