{"id":4262,"date":"2024-09-10T11:58:19","date_gmt":"2024-09-10T11:58:19","guid":{"rendered":"https:\/\/telediarioqueretaro.co\/?p=4262"},"modified":"2024-09-10T11:58:19","modified_gmt":"2024-09-10T11:58:19","slug":"se-abre-carril-provisional-para-transito-vehicular-regulado-en-pinal-de-amoles","status":"publish","type":"post","link":"https:\/\/telediarioqueretaro.co\/?p=4262","title":{"rendered":"Se Abre Carril Provisional Para Tr\u00e1nsito Vehicular Regulado En Pinal De Amoles"},"content":{"rendered":"\n<figure class=\"wp-block-image size-large\"><img loading=\"lazy\" decoding=\"async\" width=\"1024\" height=\"543\" src=\"https:\/\/telediarioqueretaro.co\/wp-content\/uploads\/2024\/09\/image-31-1024x543.png\" alt=\"\" class=\"wp-image-4263\" srcset=\"https:\/\/telediarioqueretaro.co\/wp-content\/uploads\/2024\/09\/image-31-1024x543.png 1024w, https:\/\/telediarioqueretaro.co\/wp-content\/uploads\/2024\/09\/image-31-300x159.png 300w, https:\/\/telediarioqueretaro.co\/wp-content\/uploads\/2024\/09\/image-31-768x407.png 768w, https:\/\/telediarioqueretaro.co\/wp-content\/uploads\/2024\/09\/image-31.png 1210w\" sizes=\"auto, (max-width: 1024px) 100vw, 1024px\" \/><\/figure>\n\n\n\n<p>Luego de horas de trabajo continuo, el Gobierno del Estado abri\u00f3 un carril provisional sobre la carretera federal 120, San Juan del R\u00edo-Xilitla, para el tr\u00e1nsito vehicular regulado y bajo supervisi\u00f3n de las autoridades, tras el deslave registrado en el municipio de Pinal de Amoles.<\/p>\n\n\n\n<p>Se\u00f1alar que la circulaci\u00f3n en esta v\u00eda se realizar\u00e1 de manera controlada y con autorizaci\u00f3n de cuerpos de seguridad, en un horario \u00fanico de 8:00 pm a 8:00 am, considerando que por las condiciones del terreno se permitir\u00e1 el paso \u00fanicamente de autom\u00f3viles de peque\u00f1a y mediana dimensi\u00f3n, dando prioridad a la atenci\u00f3n y circulaci\u00f3n de veh\u00edculos de emergencia.<\/p>\n\n\n\n<p>Personal analista de la Coordinaci\u00f3n Estatal de Protecci\u00f3n Civil de Quer\u00e9taro (CEPCQ) colabor\u00f3 en las labores de supervisi\u00f3n y an\u00e1lisis de las diversas acciones realizadas, a fin de garantizar el seguimiento de medidas preventivas para la seguridad e integridad del personal en la zona y de la poblaci\u00f3n en general.<\/p>\n\n\n\n<p>Asimismo, los trabajos a cargo de la Comisi\u00f3n Estatal de Infraestructura (CEI), mediante maniobras de personal operario de maquinaria pesada especializada, realizaron el retiro de tierra y rocas que alcanzaron una altura entre los 4 y 5 metros, resultado del desprendimiento a causa de las lluvias registradas el fin de semana anterior y del avance en las maniobras.<\/p>\n\n\n\n<p>Como parte del plan integral de intervenci\u00f3n puesto en marcha con la colaboraci\u00f3n de autoridades estatales, municipales y cuerpos de seguridad, se realizaron tareas de an\u00e1lisis y evaluaci\u00f3n de posibles riesgos; desprendimiento de material susceptible de ca\u00edda; estabilizaci\u00f3n de talud; levantamiento y retiro de material y compactado de suelo; adem\u00e1s de la regulaci\u00f3n del tr\u00e1nsito vehicular y peatonal en la zona y reubicaci\u00f3n de un poste de servicios de telecomunicaci\u00f3n.<\/p>\n\n\n\n<p>Adem\u00e1s, se realiz\u00f3 la evacuaci\u00f3n de una vivienda ubicada cerca de la zona de maniobras, como medida preventiva y para evitar riesgos a sus ocupantes, sin que el inmueble registre da\u00f1os en su estructura.<\/p>\n\n\n\n<p>En estas acciones se cont\u00f3 tambi\u00e9n con la participaci\u00f3n de personal del Gobierno Municipal de Pinal de Amoles, Protecci\u00f3n Civil, Polic\u00eda y Servicios P\u00fablicos Municipales, adem\u00e1s de la Polic\u00eda Estatal, Guardia Nacional y elementos de la Secretar\u00eda de la Defensa Nacional.<\/p>\n\n\n\n<p>Gobierno del Estado exhorta a la poblaci\u00f3n en general que circule por la zona, lo hagan con extremo cuidado y siguiendo las recomendaciones y medidas preventivas que compartan las autoridades, debido a que los trabajos contin\u00faan para retirar el material que sigue cubriendo la carpeta asf\u00e1ltica de la vialidad.<\/p>\n","protected":false},"excerpt":{"rendered":"<p>Luego de horas de trabajo continuo, el Gobierno del Estado abri\u00f3 un carril provisional sobre la carretera federal 120, San Juan del R\u00edo-Xilitla, para el tr\u00e1nsito vehicular regulado y bajo supervisi\u00f3n de las autoridades, tras el deslave registrado en el municipio de Pinal de Amoles. Se\u00f1alar que la circulaci\u00f3n en [&hellip;]<\/p>\n","protected":false},"author":2,"featured_media":4263,"comment_status":"open","ping_status":"open","sticky":false,"template":"","format":"standard","meta":{"footnotes":""},"categories":[1],"tags":[],"class_list":["post-4262","post","type-post","status-publish","format-standard","has-post-thumbnail","hentry","category-sin-categoria"],"_links":{"self":[{"href":"https:\/\/telediarioqueretaro.co\/index.php?rest_route=\/wp\/v2\/posts\/4262","targetHints":{"allow":["GET"]}}],"collection":[{"href":"https:\/\/telediarioqueretaro.co\/index.php?rest_route=\/wp\/v2\/posts"}],"about":[{"href":"https:\/\/telediarioqueretaro.co\/index.php?rest_route=\/wp\/v2\/types\/post"}],"author":[{"embeddable":true,"href":"https:\/\/telediarioqueretaro.co\/index.php?rest_route=\/wp\/v2\/users\/2"}],"replies":[{"embeddable":true,"href":"https:\/\/telediarioqueretaro.co\/index.php?rest_route=%2Fwp%2Fv2%2Fcomments&post=4262"}],"version-history":[{"count":1,"href":"https:\/\/telediarioqueretaro.co\/index.php?rest_route=\/wp\/v2\/posts\/4262\/revisions"}],"predecessor-version":[{"id":4264,"href":"https:\/\/telediarioqueretaro.co\/index.php?rest_route=\/wp\/v2\/posts\/4262\/revisions\/4264"}],"wp:featuredmedia":[{"embeddable":true,"href":"https:\/\/telediarioqueretaro.co\/index.php?rest_route=\/wp\/v2\/media\/4263"}],"wp:attachment":[{"href":"https:\/\/telediarioqueretaro.co\/index.php?rest_route=%2Fwp%2Fv2%2Fmedia&parent=4262"}],"wp:term":[{"taxonomy":"category","embeddable":true,"href":"https:\/\/telediarioqueretaro.co\/index.php?rest_route=%2Fwp%2Fv2%2Fcategories&post=4262"},{"taxonomy":"post_tag","embeddable":true,"href":"https:\/\/telediarioqueretaro.co\/index.php?rest_route=%2Fwp%2Fv2%2Ftags&post=4262"}],"curies":[{"name":"wp","href":"https:\/\/api.w.org\/{rel}","templated":true}]}}