{"id":4269,"date":"2024-09-11T12:16:01","date_gmt":"2024-09-11T12:16:01","guid":{"rendered":"https:\/\/telediarioqueretaro.co\/?p=4269"},"modified":"2024-09-11T12:16:02","modified_gmt":"2024-09-11T12:16:02","slug":"abre-politecnica-de-santa-rosa-convocatoria-de-admision","status":"publish","type":"post","link":"https:\/\/telediarioqueretaro.co\/?p=4269","title":{"rendered":"Abre Polit\u00e9cnica De Santa Rosa Convocatoria De Admisi\u00f3n"},"content":{"rendered":"\n<figure class=\"wp-block-image size-large\"><img loading=\"lazy\" decoding=\"async\" width=\"1024\" height=\"543\" src=\"https:\/\/telediarioqueretaro.co\/wp-content\/uploads\/2024\/09\/image-33-1024x543.png\" alt=\"\" class=\"wp-image-4270\" srcset=\"https:\/\/telediarioqueretaro.co\/wp-content\/uploads\/2024\/09\/image-33-1024x543.png 1024w, https:\/\/telediarioqueretaro.co\/wp-content\/uploads\/2024\/09\/image-33-300x159.png 300w, https:\/\/telediarioqueretaro.co\/wp-content\/uploads\/2024\/09\/image-33-768x407.png 768w, https:\/\/telediarioqueretaro.co\/wp-content\/uploads\/2024\/09\/image-33.png 1210w\" sizes=\"auto, (max-width: 1024px) 100vw, 1024px\" \/><\/figure>\n\n\n\n<p>Con la oferta de seis carreras en nivel de estudios superiores, la Universidad Polit\u00e9cnica de Santa Rosa J\u00e1uregui (UPSRJ) abri\u00f3 el proceso de admisi\u00f3n, cuya convocatoria estar\u00e1 vigente del 10 de septiembre al 1 de noviembre del presente a\u00f1o, para iniciar clases el 6 de enero del 2025, por lo que los interesados pueden acceder a la p\u00e1gina:\u00a0www.upsrj.edu.mx\/admision\u00a0y solicitar mayores informes en el WhatsApp al n\u00famero: 442 8147478.<\/p>\n\n\n\n<p>Las carreras con las que cuenta la Polit\u00e9cnica de Santa Rosa son: Ingenier\u00eda en Calidad y Metrolog\u00eda, Ingenier\u00eda en Tecnolog\u00edas de la Informaci\u00f3n e Innovaci\u00f3n Digital, Ingenier\u00eda en Rob\u00f3tica Computacional, Ingenier\u00eda en Sistemas Automotrices, Ingenier\u00eda en Animaci\u00f3n y Efectos Visuales, as\u00ed como la Licenciatura en Terapia F\u00edsica.<\/p>\n\n\n\n<p>Adem\u00e1s, la instituci\u00f3n educativa cuenta con un modelo educativo que da mayores competencias a las egresadas y los egresados al ser biling\u00fces, tener la posibilidad de movilidad internacional y as\u00ed como de recibir una educaci\u00f3n en la sustentabilidad.<\/p>\n\n\n\n<p>Desde hace casi diez a\u00f1os la Polit\u00e9cnica de Santa Rosa tiene el programa de inclusi\u00f3n, donde personas con discapacidad sensorial (auditiva o sordera y visual o ceguera) y f\u00edsica, pueden acceder a nivel de estudios superiores en un esquema de educaci\u00f3n inclusiva teniendo las mismas oportunidades.<\/p>\n","protected":false},"excerpt":{"rendered":"<p>Con la oferta de seis carreras en nivel de estudios superiores, la Universidad Polit\u00e9cnica de Santa Rosa J\u00e1uregui (UPSRJ) abri\u00f3 el proceso de admisi\u00f3n, cuya convocatoria estar\u00e1 vigente del 10 de septiembre al 1 de noviembre del presente a\u00f1o, para iniciar clases el 6 de enero del 2025, por lo [&hellip;]<\/p>\n","protected":false},"author":2,"featured_media":4270,"comment_status":"open","ping_status":"open","sticky":false,"template":"","format":"standard","meta":{"footnotes":""},"categories":[1],"tags":[],"class_list":["post-4269","post","type-post","status-publish","format-standard","has-post-thumbnail","hentry","category-sin-categoria"],"_links":{"self":[{"href":"https:\/\/telediarioqueretaro.co\/index.php?rest_route=\/wp\/v2\/posts\/4269","targetHints":{"allow":["GET"]}}],"collection":[{"href":"https:\/\/telediarioqueretaro.co\/index.php?rest_route=\/wp\/v2\/posts"}],"about":[{"href":"https:\/\/telediarioqueretaro.co\/index.php?rest_route=\/wp\/v2\/types\/post"}],"author":[{"embeddable":true,"href":"https:\/\/telediarioqueretaro.co\/index.php?rest_route=\/wp\/v2\/users\/2"}],"replies":[{"embeddable":true,"href":"https:\/\/telediarioqueretaro.co\/index.php?rest_route=%2Fwp%2Fv2%2Fcomments&post=4269"}],"version-history":[{"count":1,"href":"https:\/\/telediarioqueretaro.co\/index.php?rest_route=\/wp\/v2\/posts\/4269\/revisions"}],"predecessor-version":[{"id":4271,"href":"https:\/\/telediarioqueretaro.co\/index.php?rest_route=\/wp\/v2\/posts\/4269\/revisions\/4271"}],"wp:featuredmedia":[{"embeddable":true,"href":"https:\/\/telediarioqueretaro.co\/index.php?rest_route=\/wp\/v2\/media\/4270"}],"wp:attachment":[{"href":"https:\/\/telediarioqueretaro.co\/index.php?rest_route=%2Fwp%2Fv2%2Fmedia&parent=4269"}],"wp:term":[{"taxonomy":"category","embeddable":true,"href":"https:\/\/telediarioqueretaro.co\/index.php?rest_route=%2Fwp%2Fv2%2Fcategories&post=4269"},{"taxonomy":"post_tag","embeddable":true,"href":"https:\/\/telediarioqueretaro.co\/index.php?rest_route=%2Fwp%2Fv2%2Ftags&post=4269"}],"curies":[{"name":"wp","href":"https:\/\/api.w.org\/{rel}","templated":true}]}}